{"id":2824,"date":"2022-02-03T13:56:37","date_gmt":"2022-02-03T13:56:37","guid":{"rendered":"https:\/\/www.zeropsicologos.com\/blog\/?p=2824"},"modified":"2022-02-03T13:56:40","modified_gmt":"2022-02-03T13:56:40","slug":"que-tan-peligrosas-son-las-etiquetas-sociales","status":"publish","type":"post","link":"https:\/\/www.zeropsicologos.com\/blog\/que-tan-peligrosas-son-las-etiquetas-sociales\/","title":{"rendered":"\u00bfQu\u00e9 tan peligrosas son las etiquetas sociales?\u00a0"},"content":{"rendered":"\n<p>Hay una l\u00ednea memorable de&nbsp;<em>A trav\u00e9s del espejo de<\/em>&nbsp;Lewis Carroll : \u00abCuando uso una palabra\u00bb, dijo Humpty Dumpty en un tono m\u00e1s bien desde\u00f1oso, \u00absignifica exactamente lo que elijo que signifique, ni m\u00e1s ni menos\u00bb.<\/p>\n\n\n\n<p>No es solo un comentario casual de un cuento infantil;&nbsp;es una declaraci\u00f3n de profundo significado.<\/p>\n\n\n\n<p>La forma en que etiquetamos las cosas influye o incluso controla c\u00f3mo pensamos en ellas.\u00a0Los descriptores no se eligen a la ligera;\u00a0a menudo las\u00a0etiquetas\u00a0se eligen para tener un efecto deseado en los dem\u00e1s.\u00a0Eso se muestra en la observaci\u00f3n intemporal: &#8216;El terrorista de un hombre es el luchador por la libertad de otro hombre&#8217;.\u00a0Incluso corregido para tiempos m\u00e1s inclusivos, todav\u00eda revela el impacto de las etiquetas: el terrorista de una persona es el luchador por la libertad de otra.<\/p>\n\n\n\n<p>\u00bfAlguien que alguna vez luch\u00f3 contra la injusticia no ha sido descrito en t\u00e9rminos negativos por aquellos que imponen la injusticia?&nbsp;\u00bfJos\u00e9 Rizal, un h\u00e9roe nacional en Filipinas, fue descrito como terrorista y criminal por los ocupantes?&nbsp;\u00bfEs la misma persona alabada, incluso hoy, como un h\u00e9roe?<\/p>\n\n\n\n<p>Las etiquetas que una larga lista de dictadores ha usado para describir a otros han llevado a multitudes de personas decentes a matar voluntariamente a millones de sus conciudadanos.<\/p>\n\n\n\n<p>El <a href=\"https:\/\/www.zeropsicologos.com\/tratamiento-estres-palma.php\">trastorno de estr\u00e9s<\/a> postraum\u00e1tico\u00a0(PTSD, por sus siglas en ingl\u00e9s) fue adoptado tard\u00edamente como el t\u00e9rmino ahora ampliamente utilizado por la Asociaci\u00f3n Estadounidense de Psiquiatr\u00eda en 1980, pero ha sido observado por las fuerzas armadas a lo largo de la historia.\u00a0Jean-Martin Charcot en 1887 describi\u00f3 que los\u00a0traumas\u00a0podr\u00edan ser experimentados a\u00f1os despu\u00e9s por aquellos que tuvieron la mala suerte de haber experimentado la guerra.<\/p>\n\n\n\n<p>En la Primera Guerra Mundial, las personas que ahora sabemos que eran incapaces de luchar fueron ejecutadas por sus propios pa\u00edses por negarse a luchar.&nbsp;Fueron tildados de cobardes y fusilados.&nbsp;Ahora los etiquetar\u00edamos como gravemente traumatizados y les proporcionar\u00edamos ayuda.&nbsp;Cambia la etiqueta, y lo que sigue cambia dram\u00e1ticamente.<\/p>\n\n\n\n<p>Etiquetar a alguien como criminal, y &#8216;tirar la llave&#8217; es m\u00e1s f\u00e1cil para nuestras conciencias.\u00a0Etiqu\u00e9telos como privados, desnutridos, abusados, traumatizados y automedicados con\u00a0alcohol o drogas\u00a0, mentalmente enfermos e incapaces de contribuir a la sociedad debido a su traum\u00e1tica infancia;\u00a0y pensamos muy diferente.<\/p>\n\n\n\n<p>Incluso las diferencias sutiles en el etiquetado pueden tener enormes implicaciones.&nbsp;El PTSD env\u00eda un mensaje muy diferente a la lesi\u00f3n por estr\u00e9s postraum\u00e1tico.&nbsp;Los delincuentes se describen como desordenados.&nbsp;Los trastornos en el sentido psiqui\u00e1trico y m\u00e9dico suelen ser a largo plazo e incurables.<\/p>\n\n\n\n<p>\u00bfQu\u00e9 efecto tiene en alguien si le decimos que tiene un trastorno?&nbsp;Transmite la expectativa de que no hay remedio, o al menos uno es extremadamente improbable;&nbsp;que se espera aprender a vivir con el trastorno.<\/p>\n\n\n\n<p>\u00bfQu\u00e9 efecto tiene en alguien si le decimos que tiene una\u00a0lesi\u00f3n\u00a0?\u00a0Transmite la expectativa de que se recuperar\u00e1n con el tiempo y que el tratamiento ayudar\u00e1;\u00a0que hay algo que se puede hacer para mejorar.<\/p>\n\n\n\n<p>\u00bfQu\u00e9 persona que ha experimentado un trauma genuino y est\u00e1 experimentando los efectos secundarios habituales (como ansiedad intensa, escenas retrospectivas, pesadillas, conductas de evitaci\u00f3n, problemas de relaci\u00f3n, etc.) es m\u00e1s probable que asuma\u00a0la responsabilidad\u00a0de mejorar?\u00a0\u00bfAlguien a quien le han dicho que tiene un trastorno o alguien a quien le han dicho que tiene una lesi\u00f3n?<\/p>\n\n\n\n<p>Parece obvio que si se env\u00eda la se\u00f1al, a trav\u00e9s de la etiqueta &#8216;da\u00f1o&#8217;, la mayor\u00eda de las personas adoptar\u00e1n mejor conductas autocurativas.<\/p>\n\n\n\n<p>Vemos consecuencias similares en otras \u00e1reas.\u00a0Los profesionales del mundo de la salud mental, cuando no saben cu\u00e1l es la causa del comportamiento irracional de una persona, utilizar\u00e1n diferentes etiquetas dependiendo de la gravedad de la irracionalidad.\u00a0&#8216;\u00a0Trastorno l\u00edmite de la personalidad\u00a0&#8216; en el extremo m\u00e1s leve, y &#8216;\u00a0esquizofrenia\u00a0&#8216; para los casos m\u00e1s graves.<\/p>\n\n\n\n<p>Ah\u00ed est\u00e1 otra vez esa palabra: desorden.&nbsp;Las personas responden a sus entornos y son moldeadas por ellos.&nbsp;Las personas que han desarrollado comportamientos dif\u00edciles de manejar casi siempre han estado sujetas a traumas, por lo general de larga duraci\u00f3n.&nbsp;Al etiquetar su desaf\u00edo como un trastorno, escuchan la se\u00f1al, &#8216;aqu\u00ed no hay esperanza&#8217;, y act\u00faan en consecuencia.<\/p>\n\n\n\n<p>Como etiqueta, la esquizofrenia es a\u00fan peor.&nbsp;En repetidas ocasiones he o\u00eddo a los clientes decir palabras como: &#8216;No puedo evitarlo;&nbsp;Soy esquizofr\u00e9nico.&nbsp;La etiqueta le da al cliente permiso para resignarse a ser incapaz de hacer nada para mejorar.<\/p>\n\n\n\n<p>En el 98-99% de todos los casos de desaf\u00edo mental no hay causas biol\u00f3gicas conocidas;&nbsp;no se puede discernir ning\u00fan virus, ning\u00fan desequilibrio qu\u00edmico, ning\u00fan pat\u00f3geno, no: el modelo m\u00e9dico simplemente no puede explicar la causa de los comportamientos inusuales.<\/p>\n\n\n\n<p>Lo que puede hacer a\u00fan m\u00e1s da\u00f1o que las causas desconocidas es dar a las personas una etiqueta que les quita poder, que les da permiso para abdicar de toda responsabilidad propia.<\/p>\n\n\n\n<p>Si en el futuro resulta que el comportamiento humano aparentemente &#8216;irracional&#8217; es en la gran mayor\u00eda de los casos social o circunstancialmente causado, como han se\u00f1alado muchos pensadores a lo largo de la historia, miraremos hacia atr\u00e1s a nuestro etiquetado actual y nos haremos preguntas.\u00a0\u00bfLa forma en que etiquetamos el problema nos impidi\u00f3 ver las soluciones?\u00a0\u00bfNuestras etiquetas quitaron lo \u00fanico que podr\u00eda haber ayudado: la esperanza de recuperaci\u00f3n?\u00a0\u00bfDescribir algo de manera que implicara que era permanente e incurable lo hizo as\u00ed?\u00a0\u00bfLa forma en que etiquetamos algo lo convirti\u00f3 en la etiqueta que le dimos?\u00a0\u00bfEtiquetar algo cre\u00f3 la ilusi\u00f3n de que se entend\u00eda?\u00a0\u00bfCreamos etiquetas para asegurarnos de que se entendi\u00f3 algo?\u00a0\u00bfFueron nuestras etiquetas un acto de\u00a0autoenga\u00f1o\u00a0?<\/p>\n\n\n\n<p>\u00bfQu\u00e9 tan peligrosas son las etiquetas?\u00a0\u00a1Mucho!\u00a0Tenga cuidado de c\u00f3mo describe o etiqueta todo;\u00a0tus palabras pueden crear una realidad que nunca existi\u00f3.<\/p>\n","protected":false},"excerpt":{"rendered":"<p>Hay una l\u00ednea memorable de&nbsp;A trav\u00e9s del espejo de&nbsp;Lewis Carroll : \u00abCuando uso una palabra\u00bb, dijo Humpty Dumpty en un tono m\u00e1s bien desde\u00f1oso, \u00absignifica&hellip;<\/p>\n","protected":false},"author":1,"featured_media":2826,"comment_status":"open","ping_status":"closed","sticky":false,"template":"","format":"standard","meta":{"_seopress_robots_primary_cat":"none","_seopress_titles_title":"\u00bfQu\u00e9 tan peligrosas son las etiquetas sociales?\u00a0","_seopress_titles_desc":"La forma en que etiquetamos las cosas influye o incluso controla c\u00f3mo pensamos en ellas.\u00a0Los descriptores no se eligen a la ligera. Hay que tener cuidado.","_seopress_robots_index":"","footnotes":""},"categories":[3,1],"tags":[],"_links":{"self":[{"href":"https:\/\/www.zeropsicologos.com\/blog\/wp-json\/wp\/v2\/posts\/2824"}],"collection":[{"href":"https:\/\/www.zeropsicologos.com\/blog\/wp-json\/wp\/v2\/posts"}],"about":[{"href":"https:\/\/www.zeropsicologos.com\/blog\/wp-json\/wp\/v2\/types\/post"}],"author":[{"embeddable":true,"href":"https:\/\/www.zeropsicologos.com\/blog\/wp-json\/wp\/v2\/users\/1"}],"replies":[{"embeddable":true,"href":"https:\/\/www.zeropsicologos.com\/blog\/wp-json\/wp\/v2\/comments?post=2824"}],"version-history":[{"count":0,"href":"https:\/\/www.zeropsicologos.com\/blog\/wp-json\/wp\/v2\/posts\/2824\/revisions"}],"wp:featuredmedia":[{"embeddable":true,"href":"https:\/\/www.zeropsicologos.com\/blog\/wp-json\/wp\/v2\/media\/2826"}],"wp:attachment":[{"href":"https:\/\/www.zeropsicologos.com\/blog\/wp-json\/wp\/v2\/media?parent=2824"}],"wp:term":[{"taxonomy":"category","embeddable":true,"href":"https:\/\/www.zeropsicologos.com\/blog\/wp-json\/wp\/v2\/categories?post=2824"},{"taxonomy":"post_tag","embeddable":true,"href":"https:\/\/www.zeropsicologos.com\/blog\/wp-json\/wp\/v2\/tags?post=2824"}],"curies":[{"name":"wp","href":"https:\/\/api.w.org\/{rel}","templated":true}]}}