{"id":2828,"date":"2022-02-04T13:35:36","date_gmt":"2022-02-04T13:35:36","guid":{"rendered":"https:\/\/www.zeropsicologos.com\/blog\/?p=2828"},"modified":"2022-02-04T13:35:38","modified_gmt":"2022-02-04T13:35:38","slug":"puede-una-disminucion-en-la-salud-mental-causar-perdida-de-cabello","status":"publish","type":"post","link":"https:\/\/www.zeropsicologos.com\/blog\/puede-una-disminucion-en-la-salud-mental-causar-perdida-de-cabello\/","title":{"rendered":"\u00bfPuede una disminuci\u00f3n en la salud mental causar p\u00e9rdida de cabello?"},"content":{"rendered":"\n<p>La ca\u00edda del cabello es un problema muy real para muchas personas, tanto hombres como mujeres.\u00a0Puede estar relacionado con el <a href=\"https:\/\/www.zeropsicologos.com\/tratamiento-estres-palma.php\">estr\u00e9s<\/a>, los cambios hormonales durante el embarazo u otras condiciones m\u00e9dicas.\u00a0Una de las causas m\u00e1s comunes de la ca\u00edda del cabello es el deterioro de la salud mental.\u00a0En estos d\u00edas, los problemas como la depresi\u00f3n y la ansiedad son muy comunes, especialmente en las personas m\u00e1s j\u00f3venes.\u00a0Esta es la raz\u00f3n por la que muchas personas j\u00f3venes tienen\u00a0entradas de cabello\u00a0.\u00a0<\/p>\n\n\n\n<h2 class=\"wp-block-heading\" id=\"puede-la-salud-mental-realmente-causar-perdida-de-cabello\"><strong>\u00bfPuede la salud mental realmente causar p\u00e9rdida de cabello?<\/strong><\/h2>\n\n\n\n<p>La respuesta a \u00e9sta pregunta es s\u00ed.\u00a0Los problemas de salud mental, como la <a href=\"https:\/\/www.zeropsicologos.com\/terapia-depresion.php\">depresi\u00f3n <\/a>y la <a href=\"https:\/\/www.zeropsicologos.com\/terapia-ansiedad.php\">ansiedad<\/a>, pueden provocar la ca\u00edda del cabello de varias maneras:<\/p>\n\n\n\n<ul><li><strong>La falta de sue\u00f1o.\u00a0<\/strong>Las personas con trastornos de salud mental a menudo tienen dificultades para dormir lo que necesitan, lo que las lleva a tener un horario de sue\u00f1o irregular o incluso insomnio.\u00a0Esta falta de descanso adecuado provoca desequilibrios hormonales que dan lugar a muchos problemas, como la piel seca y el adelgazamiento del cabello.<\/li><li><strong>Estr\u00e9s.\u00a0<\/strong>El estr\u00e9s es una de las principales causas de ansiedad y depresi\u00f3n, lo que lo convierte en otra raz\u00f3n por la cual las personas pierden el cabello cuando se enfrentan a este tipo de condiciones.\u00a0El estr\u00e9s puede causar la ca\u00edda del cabello\u00a0.<\/li><li><strong>Mala alimentaci\u00f3n\/nutrici\u00f3n.\u00a0<\/strong>Si tiene una dieta deficiente, especialmente una que carece de vitaminas y minerales, puede provocar u\u00f1as quebradizas, piel seca y adelgazamiento o incluso ca\u00edda del cabello.\u00a0Ciertos nutrientes son necesarios para un crecimiento saludable, por lo que deben incluirse en su ingesta diaria siempre que sea posible.\u00a0Algunas fuentes excelentes son las verduras de hoja verde como la col rizada y los pescados grasos como el salm\u00f3n.<\/li><\/ul>\n\n\n\n<h2 class=\"wp-block-heading\" id=\"la-caida-del-cabello-significa-que-los-problemas-de-salud-mental-estan-empeorando\"><strong>\u00bfLa ca\u00edda del cabello significa que los problemas de salud mental est\u00e1n empeorando?&nbsp;<\/strong><\/h2>\n\n\n\n<p>No necesariamente, a veces la p\u00e9rdida de cabello es solo una se\u00f1al de que algo m\u00e1s no est\u00e1 bien y no siempre es un indicador de enfermedad mental.&nbsp;Sin embargo, si nota cambios significativos o adelgazamiento repentino, \u00a1visite a su m\u00e9dico lo antes posible!&nbsp;Si es demasiado tarde para eso, ve a ver a un profesional de la salud mental lo antes posible.&nbsp;Pueden ayudarlo a volver a encarrilar su vida y podr\u00e1n ayudarlo con cualquier problema de salud mental.<\/p>\n\n\n\n<h2 class=\"wp-block-heading\" id=\"como-puede-la-salud-mental-afectar-la-salud-de-tu-cabello\"><strong>\u00bfC\u00f3mo puede la salud mental afectar la salud de tu cabello?<\/strong><\/h2>\n\n\n\n<p>Cuando est\u00e1s deprimido o ansioso, tu cuerpo est\u00e1 en un estado de estr\u00e9s.&nbsp;Esto hace que ocurran muchos cambios dentro del cuerpo.&nbsp;Algunos de estos cambios incluyen inmunidad reducida y digesti\u00f3n y metabolismo deficientes que afectan la absorci\u00f3n de nutrientes y la eliminaci\u00f3n de desechos del cuerpo.&nbsp;Esto puede evitar que los nutrientes lleguen a los fol\u00edculos pilosos, lo que eventualmente da\u00f1a el cabello.&nbsp;<\/p>\n\n\n\n<h2 class=\"wp-block-heading\" id=\"como-controlar-tu-salud-mental-y-evitar-que-se-te-caiga-el-pelo\"><strong>\u00bfC\u00f3mo controlar tu salud mental y evitar que se te caiga el pelo?<\/strong><\/h2>\n\n\n\n<p>Hay muchas maneras de tratar la depresi\u00f3n y la ansiedad.&nbsp;Algunas personas usan suplementos naturales, mientras que otras prefieren m\u00e9todos tradicionales como medicamentos o sesiones de terapia con un psic\u00f3logo profesional.&nbsp;Independientemente de lo que elija hacer, recuerde que el objetivo no es solo prevenir la ca\u00edda del cabello, sino que el objetivo debe ser detener la causa ra\u00edz del problema, por lo que debe trabajar para reducir su salud mental.<\/p>\n\n\n\n<p>Esto le dar\u00e1 un impulso a la salud de su cabello.&nbsp;Sin embargo, el simple hecho de controlar su depresi\u00f3n no detendr\u00e1 autom\u00e1ticamente la ca\u00edda de su cabello.&nbsp;Parte del da\u00f1o causado ser\u00e1 permanente y es posible que nunca recupere su cabello natural, sin embargo, es importante que consulte a un m\u00e9dico relevante para mejorar su cabello.&nbsp;<\/p>\n\n\n\n<h2 class=\"wp-block-heading\" id=\"cual-es-el-mejor-tratamiento-para-la-caida-del-cabello-causada-por-el-deterioro-de-la-salud-mental\"><strong>\u00bfCu\u00e1l es el mejor tratamiento para la ca\u00edda del cabello causada por el deterioro de la salud mental?<\/strong><\/h2>\n\n\n\n<p>El mejor tratamiento para la p\u00e9rdida de cabello relacionada con el deterioro de la salud mental es el mismo que cualquier otro tipo de p\u00e9rdida de cabello.&nbsp;Debe comenzar a usar un champ\u00fa y acondicionador que se dirija espec\u00edficamente a su tipo de cuero cabelludo y cabello para que pueda deshacerse de la caspa, la picaz\u00f3n o la sequedad que pueden estar causando da\u00f1o a sus fol\u00edculos.<\/p>\n\n\n\n<p>Tambi\u00e9n puede aplicar aceites esenciales en su cabello que tambi\u00e9n ser\u00edan una excelente manera de mejorar la salud de su cabello.&nbsp;Como los problemas mentales pueden afectar permanentemente algunas partes de su cabello, es posible que nunca pueda recuperarlo.&nbsp;Entonces, en tales casos, la \u00fanica opci\u00f3n que queda para las personas que buscan resolver sus tratamientos capilares es la cirug\u00eda de trasplante capilar.<\/p>\n\n\n\n<h2 class=\"wp-block-heading\" id=\"cirugia-de-trasplante-de-cabello-para-personas-que-pierden-el-cabello-debido-a-problemas-de-salud-mental\"><strong>Cirug\u00eda de trasplante de cabello para personas que pierden el cabello debido a problemas de salud mental<\/strong><\/h2>\n\n\n\n<p>Cuando los problemas de salud mental son la causa de la ca\u00edda del cabello, no puede esperar para dejar que su cabello vuelva a crecer por s\u00ed solo.&nbsp;La cirug\u00eda de trasplante de cabello generalmente se requiere para personas que experimentan p\u00e9rdida permanente de cabello debido a depresi\u00f3n o ansiedad.&nbsp;Con tan buena investigaci\u00f3n y procedimientos de vanguardia disponibles en el mundo, resolver sus problemas de p\u00e9rdida de cabello se ha vuelto bastante f\u00e1cil.&nbsp;Entonces, si sufre de depresi\u00f3n excesiva, ansiedad y otros problemas mentales y siente que est\u00e1 afectando negativamente su cabello, debe consultar a un m\u00e9dico de inmediato.&nbsp;<\/p>\n\n\n\n<h2 class=\"wp-block-heading\" id=\"la-salud-mental-es-importante-no-ignore-los-sintomas-de-perdida-de-cabello\"><strong>La salud mental es importante.&nbsp;No ignore los s\u00edntomas de p\u00e9rdida de cabello<\/strong><\/h2>\n\n\n\n<p>Obtener ayuda con los problemas de salud mental es tan importante, si no m\u00e1s, que tratar cualquier afecci\u00f3n m\u00e9dica que tambi\u00e9n pueda causar la ca\u00edda del cabello.\u00a0Si siente que algo no est\u00e1 bien, busque el consejo profesional de un m\u00e9dico o un profesional de la salud mental. Nuestros <a href=\"https:\/\/www.zeropsicologos.com\/\">psic\u00f3logos en Palma<\/a> estar\u00e1n encantados de poder ayudarle. con esta situaci\u00f3n.<\/p>\n","protected":false},"excerpt":{"rendered":"<p>La ca\u00edda del cabello es un problema muy real para muchas personas, tanto hombres como mujeres.\u00a0Puede estar relacionado con el estr\u00e9s, los cambios hormonales durante&hellip;<\/p>\n","protected":false},"author":1,"featured_media":2830,"comment_status":"open","ping_status":"closed","sticky":false,"template":"","format":"standard","meta":{"_seopress_robots_primary_cat":"none","_seopress_titles_title":"\u00bfPuede una disminuci\u00f3n en la salud mental causar p\u00e9rdida de cabello?","_seopress_titles_desc":"La ca\u00edda del cabello es un problema muy real para muchas personas, tanto hombres como mujeres y\u00a0puede estar relacionado con el estr\u00e9s cr\u00f3nico.","_seopress_robots_index":"","footnotes":""},"categories":[6,3,8],"tags":[],"_links":{"self":[{"href":"https:\/\/www.zeropsicologos.com\/blog\/wp-json\/wp\/v2\/posts\/2828"}],"collection":[{"href":"https:\/\/www.zeropsicologos.com\/blog\/wp-json\/wp\/v2\/posts"}],"about":[{"href":"https:\/\/www.zeropsicologos.com\/blog\/wp-json\/wp\/v2\/types\/post"}],"author":[{"embeddable":true,"href":"https:\/\/www.zeropsicologos.com\/blog\/wp-json\/wp\/v2\/users\/1"}],"replies":[{"embeddable":true,"href":"https:\/\/www.zeropsicologos.com\/blog\/wp-json\/wp\/v2\/comments?post=2828"}],"version-history":[{"count":0,"href":"https:\/\/www.zeropsicologos.com\/blog\/wp-json\/wp\/v2\/posts\/2828\/revisions"}],"wp:featuredmedia":[{"embeddable":true,"href":"https:\/\/www.zeropsicologos.com\/blog\/wp-json\/wp\/v2\/media\/2830"}],"wp:attachment":[{"href":"https:\/\/www.zeropsicologos.com\/blog\/wp-json\/wp\/v2\/media?parent=2828"}],"wp:term":[{"taxonomy":"category","embeddable":true,"href":"https:\/\/www.zeropsicologos.com\/blog\/wp-json\/wp\/v2\/categories?post=2828"},{"taxonomy":"post_tag","embeddable":true,"href":"https:\/\/www.zeropsicologos.com\/blog\/wp-json\/wp\/v2\/tags?post=2828"}],"curies":[{"name":"wp","href":"https:\/\/api.w.org\/{rel}","templated":true}]}}