{"id":3917,"date":"2022-10-30T18:09:29","date_gmt":"2022-10-30T18:09:29","guid":{"rendered":"https:\/\/www.zeropsicologos.com\/blog\/?p=3917"},"modified":"2022-10-30T18:09:34","modified_gmt":"2022-10-30T18:09:34","slug":"optimismo-los-optimistas-nacen-o-se-hacen","status":"publish","type":"post","link":"https:\/\/www.zeropsicologos.com\/blog\/optimismo-los-optimistas-nacen-o-se-hacen\/","title":{"rendered":"Optimismo &#8211; \u00bfLos optimistas nacen o se hacen?"},"content":{"rendered":"\n<p>\u00bfC\u00f3mo convertirse en&nbsp;<strong>un optimista<\/strong>&nbsp;?&nbsp;\u00bfNacemos o nos hacemos optimistas?&nbsp;\u00bfC\u00f3mo puedes volverte optimista y adquirir un pensamiento positivo?&nbsp;\u00a1Desc\u00fabrelo con una lecci\u00f3n pr\u00e1ctica!<\/p>\n\n\n\n<blockquote class=\"wp-block-quote is-layout-flow wp-block-quote-is-layout-flow\"><p><em>Si est\u00e1is afligidos por alguna causa exterior, no es \u00e9sta la que realmente os molesta, sino el juicio que de ella dais;&nbsp;y esto lo puedes cancelar inmediatamente<\/em><\/p><p><strong>Marco Aurelio<\/strong><\/p><\/blockquote>\n\n\n\n<p>Marco Aurelio en el siglo II dC afirm\u00f3 que es la lectura, la mirada que tenemos sobre la realidad la que decreta nuestra relaci\u00f3n con la realidad.&nbsp;Es la imagen que nos hacemos de ella.<\/p>\n\n\n\n<p><strong>Martin Seligman<\/strong>\u00a0introduce el concepto de \u00abindefensi\u00f3n aprendida\u00bb: el estado de quien no cree poder ser \u00e1rbitro de su propio destino al que contrapone la actitud optimista.<\/p>\n\n\n\n<p>Si hay una \u00abindefensi\u00f3n aprendida\u00bb hay en cambio un&nbsp;<strong>\u00aboptimismo aprendido\u00bb<\/strong>&nbsp;.<\/p>\n\n\n\n<p>Y aqu\u00ed en un esquema propuesto por Seligman c\u00f3mo se explican los hechos seg\u00fan si la mirada es positiva o negativa:<\/p>\n\n\n\n<figure class=\"wp-block-table\"><table><tbody><tr><td><\/td><td>OPTIMISTA<\/td><td>PESIMISTA<\/td><\/tr><tr><td>&nbsp;\u00c9XITO<\/td><td>Personal (es mi m\u00e9rito)<\/td><td>Impersonal (no depend\u00eda de m\u00ed)<\/td><\/tr><tr><td>Omnipresente \/ General<\/td><td>Espec\u00edfico \/ Limitado \/ Circunscrito<\/td><\/tr><tr><td>Permanente \/ Estable<\/td><td>Contingente \/ Ocasional \/ Transitorio<\/td><\/tr><tr><td>&nbsp;FALLA<\/td><td>Impersonal (no depend\u00eda de m\u00ed)<\/td><td>Personal (es mi culpa)<\/td><\/tr><tr><td>Espec\u00edfico \/ Limitado \/ Circunscrito<\/td><td>Omnipresente \/ General<\/td><\/tr><tr><td>Contingente \/ Ocasional \/ Transitorio<\/td><td>Permanente \/ Estable<\/td><\/tr><\/tbody><\/table><\/figure>\n\n\n\n<h2 class=\"wp-block-heading\"><strong>Optimismo &#8211; \u00bfC\u00f3mo puedes volverte optimista?<\/strong><\/h2>\n\n\n\n<h6 class=\"wp-block-heading\"><strong>Los optimistas no nacen, pero puedes convertirte en uno.&nbsp;\u00bfC\u00f3mo?<\/strong><\/h6>\n\n\n\n<p>Cambiando tu forma de pensar.<\/p>\n\n\n\n<p>Cambiando la forma en que miras\/piensas sobre las pruebas\/desaf\u00edos que te presenta la vida.<\/p>\n\n\n\n<p>En su libro\u00a0<strong>Aprenda el optimismo<\/strong>\u00a0<em>M. Seligman<\/em>\u00a0introduce la noci\u00f3n de \u201cestilo explicativo\u201d, que es lo que nos decimos ante la adversidad y nos ayuda a reconocerlo para identificar sus efectos en la calidad de nuestra vida.<\/p>\n\n\n\n<p>El estilo explicativo pesimista genera un tipo de explicaci\u00f3n de los hechos negativos:<\/p>\n\n\n\n<ul><li>Personal \u00abEs mi culpa\u00bb<\/li><li>Permanente \u00abDurar\u00e1 para siempre\u00bb<\/li><li>Omnipresente \u00abEst\u00e1 poniendo en peligro toda mi vida\u00bb<\/li><\/ul>\n\n\n\n<p>En esencia, la caracter\u00edstica definitoria de los pesimistas es que tienden a creer que los eventos negativos duran mucho tiempo (&nbsp;<strong>Permanencia<\/strong>&nbsp;), destruyen todo (&nbsp;<strong>Operaci\u00f3n<\/strong>&nbsp;) y son consecuencia de sus propias fallas (&nbsp;<strong>Personalizaci\u00f3n<\/strong>&nbsp;).<\/p>\n\n\n\n<p>Los optimistas ante las adversidades de este mundo se comportan de manera opuesta: tienden a creer que la derrota es s\u00f3lo temporal, que sus efectos\/causas se limitan a un evento espec\u00edfico y que el fracaso no es consecuencia de los propios errores, sino de las circunstancias. , mala suerte o la acci\u00f3n de otra persona.<\/p>\n\n\n\n<p>Dado que el estilo explicativo no es innato, sino aprendido, se puede cambiar el estilo explicativo pesimista y convertirlo en optimista cambiando el pensamiento consciente sobre los propios fracasos, derrotas, p\u00e9rdidas e impotencia.<\/p>\n\n\n\n<p>La terapia cognitiva ayuda a cambiar el estilo explicativo -hace que sea m\u00e1s optimista que pesimista- y el cambio es permanente porque dota a la persona de una serie de habilidades cognitivas para aprender a dialogar consigo misma ante el fracaso y esas mismas habilidades pueden ser siempre que ocurra un evento negativo.<\/p>\n\n\n\n<p>Por lo tanto, es posible aprender una habilidad fundamental: c\u00f3mo llevar a cabo un di\u00e1logo personal optimista llegando a formas de pensar m\u00e1s efectivas para el bienestar f\u00edsico y psicol\u00f3gico.<\/p>\n\n\n\n<h2 class=\"wp-block-heading\"><strong>Optimismo: \u00a1una lecci\u00f3n pr\u00e1ctica!<\/strong><\/h2>\n\n\n\n<p>Un empresario propietario de una empresa de calzado tiene dos hijos.&nbsp;Con la intenci\u00f3n de evaluar mejor la predisposici\u00f3n de los dos al mundo de los negocios, decide enviarlos a dos lugares diferentes pero con caracter\u00edsticas muy similares en \u00c1frica Central para que puedan analizar el mercado y proponer una hip\u00f3tesis de desarrollo.<\/p>\n\n\n\n<p>A los pocos d\u00edas de la partida, llama el primer hijo y con voz decepcionada le dice a su padre: \u201cEstoy por volver aqu\u00ed, van todos descalzos\u201d.<\/p>\n\n\n\n<p>Pronto se escucha al otro hijo que con una voz llena de entusiasmo le dice a su padre: \u00ab\u00a1Pap\u00e1, prep\u00e1rate para un negocio sensacional aqu\u00ed todos andan descalzos!\u00bb.<\/p>\n","protected":false},"excerpt":{"rendered":"<p>\u00bfC\u00f3mo convertirse en&nbsp;un optimista&nbsp;?&nbsp;\u00bfNacemos o nos hacemos optimistas?&nbsp;\u00bfC\u00f3mo puedes volverte optimista y adquirir un pensamiento positivo?&nbsp;\u00a1Desc\u00fabrelo con una lecci\u00f3n pr\u00e1ctica! Si est\u00e1is afligidos por alguna&hellip;<\/p>\n","protected":false},"author":1,"featured_media":3919,"comment_status":"open","ping_status":"closed","sticky":false,"template":"","format":"standard","meta":{"_seopress_robots_primary_cat":"none","_seopress_titles_title":"Optimismo - \u00bfLos optimistas nacen o se hacen?","_seopress_titles_desc":"\u00bfC\u00f3mo convertirse en\u00a0un optimista\u00a0?\u00a0\u00bfNacemos o nos hacemos optimistas?\u00a0\u00bfC\u00f3mo puedes volverte optimista y adquirir un pensamiento positivo?","_seopress_robots_index":"","footnotes":""},"categories":[3,1],"tags":[],"_links":{"self":[{"href":"https:\/\/www.zeropsicologos.com\/blog\/wp-json\/wp\/v2\/posts\/3917"}],"collection":[{"href":"https:\/\/www.zeropsicologos.com\/blog\/wp-json\/wp\/v2\/posts"}],"about":[{"href":"https:\/\/www.zeropsicologos.com\/blog\/wp-json\/wp\/v2\/types\/post"}],"author":[{"embeddable":true,"href":"https:\/\/www.zeropsicologos.com\/blog\/wp-json\/wp\/v2\/users\/1"}],"replies":[{"embeddable":true,"href":"https:\/\/www.zeropsicologos.com\/blog\/wp-json\/wp\/v2\/comments?post=3917"}],"version-history":[{"count":0,"href":"https:\/\/www.zeropsicologos.com\/blog\/wp-json\/wp\/v2\/posts\/3917\/revisions"}],"wp:featuredmedia":[{"embeddable":true,"href":"https:\/\/www.zeropsicologos.com\/blog\/wp-json\/wp\/v2\/media\/3919"}],"wp:attachment":[{"href":"https:\/\/www.zeropsicologos.com\/blog\/wp-json\/wp\/v2\/media?parent=3917"}],"wp:term":[{"taxonomy":"category","embeddable":true,"href":"https:\/\/www.zeropsicologos.com\/blog\/wp-json\/wp\/v2\/categories?post=3917"},{"taxonomy":"post_tag","embeddable":true,"href":"https:\/\/www.zeropsicologos.com\/blog\/wp-json\/wp\/v2\/tags?post=3917"}],"curies":[{"name":"wp","href":"https:\/\/api.w.org\/{rel}","templated":true}]}}