{"id":3967,"date":"2022-11-01T10:49:54","date_gmt":"2022-11-01T10:49:54","guid":{"rendered":"https:\/\/www.zeropsicologos.com\/blog\/?p=3967"},"modified":"2022-11-01T10:49:58","modified_gmt":"2022-11-01T10:49:58","slug":"ansiedad-generalizada-que-es-la-ansiedad-y-como-se-trata","status":"publish","type":"post","link":"https:\/\/www.zeropsicologos.com\/blog\/ansiedad-generalizada-que-es-la-ansiedad-y-como-se-trata\/","title":{"rendered":"Ansiedad generalizada \u00bfQu\u00e9 es la ansiedad y c\u00f3mo se trata?"},"content":{"rendered":"\n<p><strong>Cura de la ansiedad<\/strong>.\u00a0En mi experiencia en el centro de Palma son muchos los pacientes que me contactan para el tratamiento de la ansiedad.<\/p>\n\n\n\n<h6 class=\"wp-block-heading\"><strong>Pero, \u00bfqu\u00e9 es la ansiedad y c\u00f3mo se trata?<\/strong><\/h6>\n\n\n\n<p><strong>La ansiedad<\/strong>&nbsp;generalizada&nbsp;es la forma m\u00e1s simple de ansiedad que despiertan los peligros, las preocupaciones y los miedos, como el miedo a la enfermedad, el miedo a que nos pase algo molesto, el miedo a llegar tarde a una cita.&nbsp;La ansiedad es normal en peque\u00f1as dosis, pero cuando se generaliza a todo lo que hacemos se vuelve t\u00f3xica y venenosa.<\/p>\n\n\n\n<p>Mucha gente piensa que no hay cura y que la ansiedad es parte de la forma de ser t\u00edpica de ciertas personas.&nbsp;De hecho, existen soluciones para actuar eficazmente sobre los estados de ansiedad, que pueden volverse cr\u00f3nicos, en ausencia de tratamiento.&nbsp;En algunos casos, se requiere ayuda profesional.<\/p>\n\n\n\n<p>Este art\u00edculo profundiza en la noci\u00f3n de ansiedad generalizada, sus causas y posibilidades terap\u00e9uticas.<\/p>\n\n\n\n<p><\/p>\n\n\n\n<h2 class=\"wp-block-heading\"><strong>\u00bfQu\u00e9 es la ansiedad generalizada?<\/strong><\/h2>\n\n\n\n<p><strong>La ansiedad generalizada<\/strong>&nbsp;es&nbsp;una forma de ansiedad muy frecuente que se expresa a trav\u00e9s de una exasperaci\u00f3n de las reacciones normales de miedo ante las preocupaciones y peligros de la vida.<\/p>\n\n\n\n<p>El problema se centra en lo que podr\u00eda suceder en vista de un evento pr\u00f3ximo.&nbsp;Tomemos el ejemplo de una persona que tiene que ir a la estaci\u00f3n para tomar un tren a tiempo.&nbsp;La persona ansiosa est\u00e1 obsesionada con el miedo a llegar lo suficientemente tarde como para imaginar todas las posibilidades: huelga de metro, tr\u00e1fico, etc.<\/p>\n\n\n\n<p>Por supuesto, todas estas preocupaciones son leg\u00edtimas y pueden ocurrir en la vida cotidiana, pero el problema ocurre cuando el pensamiento ansioso se vuelve tan omnipresente e incontrolable que la persona no puede evitarlo, no puede sac\u00e1rselo de la mente.<\/p>\n\n\n\n<p>Aqu\u00ed es donde se encuentra el l\u00edmite entre la ansiedad normal y la patol\u00f3gica.<\/p>\n\n\n\n<h2 class=\"wp-block-heading\"><strong>\u00bfCu\u00e1les son las causas?<\/strong><\/h2>\n\n\n\n<p><strong>La ansiedad generalizada<\/strong>&nbsp;depende de&nbsp;varias&nbsp;<strong>causas<\/strong>&nbsp;.&nbsp;Generalmente el inicio del trastorno se produce entre la adolescencia y los treinta a\u00f1os, pero los pacientes suelen referir haber padecido ansiedad incluso en la infancia.<\/p>\n\n\n\n<p>La literatura sobre el tema reporta que la ansiedad generalizada se debe a tres causas principales: aspectos particulares de la personalidad, estilo de pensamiento, estr\u00e9s resultante de situaciones de cambio en la propia vida.<\/p>\n\n\n\n<h3 class=\"wp-block-heading\"><a><\/a><strong><em>Personalidad &#8211; Las caracter\u00edsticas que favorecen la aparici\u00f3n de la ansiedad<\/em><\/strong><\/h3>\n\n\n\n<p>La expresi\u00f3n \u00abpersonalidad\u00bb significa la forma habitual de pensar, las formas en que un individuo reacciona ante los acontecimientos y con las que se relaciona con los dem\u00e1s.&nbsp;El desarrollo de la personalidad est\u00e1 influenciado por la herencia gen\u00e9tica y la educaci\u00f3n.&nbsp;Los ansiosos son personas con una fuerte emotividad, sensibles, con una fuerte inclinaci\u00f3n a la preocupaci\u00f3n.&nbsp;Estos son rasgos del car\u00e1cter que a menudo unen a todos los miembros de la familia de la persona ansiosa.<\/p>\n\n\n\n<h3 class=\"wp-block-heading\"><a><\/a><strong><em>Pensamiento &#8211; C\u00f3mo piensa el individuo ansioso<\/em><\/strong><\/h3>\n\n\n\n<p>Una persona ansiosa tiene un estilo de pensamiento que tiende a interpretar los acontecimientos como cat\u00e1strofes o amenazas, como desestabilizaciones dif\u00edciles de sobrellevar.&nbsp;Por ejemplo, las personas con ansiedad generalizada piensan en una amenaza o en una mala noticia cuando suena el tel\u00e9fono o suena el timbre de la puerta.&nbsp;Esta forma de atribuir un sentido negativo y amenazante a los acontecimientos est\u00e1 en la base del trastorno de ansiedad generalizada.<\/p>\n\n\n\n<h3 class=\"wp-block-heading\"><a><\/a><strong><em>Estr\u00e9s: cuando uno o m\u00e1s eventos interrumpen la vida.<\/em><\/strong><\/h3>\n\n\n\n<p>La ansiedad generalizada puede ocurrir despu\u00e9s de un per\u00edodo de estr\u00e9s severo.&nbsp;Los eventos dolorosos como el duelo, la p\u00e9rdida del trabajo o la ruptura de una relaci\u00f3n pueden causar un trastorno de ansiedad generalizada.<\/p>\n\n\n\n<h2 class=\"wp-block-heading\"><strong>Las experiencias tienen un aura hostil para los ansiosos<\/strong><\/h2>\n\n\n\n<p>El estilo de pensamiento de la persona ansiosa convierte cada hecho de la vida diaria en un peligro potencial.&nbsp;La ansiedad generalizada transforma las experiencias, las pinta de colores oscuros, llenos de peligros potenciales.<\/p>\n\n\n\n<p>El filtro de ansiedad generalizada que conquista el monopolio de las vivencias del sujeto se evidencia en algunas frases propias de las personas ansiosas.&nbsp;Aqu\u00ed hay unos ejemplos:<\/p>\n\n\n\n<p><em>\u201c\u00bfY si me pierdo?\u201d;&nbsp;\u201c\u00bfY si no registraron mi reserva de hotel?\u201d;&nbsp;\u201cY si se me estropea el coche, \u00bfqu\u00e9 hago?\u201d;&nbsp;\u00ab\u00bfQu\u00e9 pasa si me enfermo mientras viajo y no conozco a nadie que pueda ayudarme?\u00bb.<\/em><\/p>\n\n\n\n<p>La persona que sufre de ansiedad generalizada es literalmente \u00abinvadida\u00bb por el miedo.&nbsp;De lo contrario, podr\u00eda decirse que observa la vida con lentes oscuros que presagian las peores amenazas.<\/p>\n\n\n\n<p>Por ejemplo, cuando viajamos sabemos que nos puede pasar algo, pero no pensamos en ello todo el tiempo.&nbsp;Por el contrario, la persona ansiosa enumera todos los inconvenientes que pueden ocurrir, desde el m\u00e1s leve hasta el m\u00e1s grave: un retraso, una cancelaci\u00f3n, mal tiempo\u2026<\/p>\n\n\n\n<blockquote class=\"wp-block-quote is-layout-flow wp-block-quote-is-layout-flow\"><p><strong>Cuanto m\u00e1s se preocupa la persona, m\u00e1s aumenta la ansiedad<\/strong><\/p><\/blockquote>\n\n\n\n<p>Estas preocupaciones constantes hacen que la persona ansiosa adopte conductas de verificaci\u00f3n: por ejemplo, para asegurarse de que llega a tiempo puede mirar mec\u00e1nicamente el reloj o pedir la hora varias veces.<\/p>\n\n\n\n<p>El consuelo que se le puede dar a una persona ansiosa es de corta duraci\u00f3n.<\/p>\n\n\n\n<h2 class=\"wp-block-heading\"><strong>Causa s\u00edntomas psicol\u00f3gicos y s\u00edntomas f\u00edsicos<\/strong><\/h2>\n\n\n\n<p>El trastorno de ansiedad generalizada atrapa al individuo en un estado de constante tensi\u00f3n ps\u00edquica y motora.&nbsp;Es por esto que la ansiedad generalizada involucra s\u00edntomas&nbsp;<strong>psicol\u00f3gicos<\/strong>&nbsp;y s\u00edntomas&nbsp;<strong>f\u00edsicos<\/strong>&nbsp;.&nbsp;Veamos brevemente cu\u00e1les son.<\/p>\n\n\n\n<h3 class=\"wp-block-heading\"><a><\/a><strong><em>Ansiedad generalizada &#8211; S\u00edntomas psicol\u00f3gicos<\/em><\/strong><\/h3>\n\n\n\n<p>Los s\u00edntomas psicol\u00f3gicos de la ansiedad generalizada pueden incluir inquietud, que corresponde a tensi\u00f3n ps\u00edquica permanente, dificultad para concentrarse, mala memoria, nerviosismo, cavilaciones.<\/p>\n\n\n\n<h3 class=\"wp-block-heading\"><a><\/a><strong><em>Ansiedad generalizada &#8211; S\u00edntomas f\u00edsicos<\/em><\/strong><\/h3>\n\n\n\n<p>La ansiedad se manifiesta no solo a nivel psicol\u00f3gico, sino tambi\u00e9n a nivel f\u00edsico.<\/p>\n\n\n\n<blockquote class=\"wp-block-quote is-layout-flow wp-block-quote-is-layout-flow\"><p><strong>En el trastorno de ansiedad generalizada, los s\u00edntomas f\u00edsicos suelen ser los primeros signos que aparecen<\/strong><\/p><\/blockquote>\n\n\n\n<h4 class=\"wp-block-heading\"><a><\/a><strong>Tension muscular<\/strong><\/h4>\n\n\n\n<p>La ansiedad generalizada provoca tensi\u00f3n muscular.&nbsp;El sujeto ansioso siente dolor y tiene la sensaci\u00f3n de que los m\u00fasculos de la espalda, hombros, cara est\u00e1n tensos.<\/p>\n\n\n\n<h4 class=\"wp-block-heading\"><a><\/a><strong>Dormir<\/strong><\/h4>\n\n\n\n<p>El insomnio es muy com\u00fan y es causado por la presencia de constantes \u00abrumias\u00bb que pueden impedir que el paciente se duerma.&nbsp;El sue\u00f1o se ve perturbado, el sujeto absorto en sus pensamientos, se despierta varias veces durante la noche<\/p>\n\n\n\n<h4 class=\"wp-block-heading\"><a><\/a><strong>Fatiga<\/strong><\/h4>\n\n\n\n<p>Las cavilaciones constantes agobian no s\u00f3lo la mente, sino que tambi\u00e9n cansan el cuerpo.&nbsp;Una sensaci\u00f3n de cansancio, agotamiento es la primera causa que lleva al sujeto a consultar al m\u00e9dico<\/p>\n\n\n\n<h4 class=\"wp-block-heading\"><a><\/a><strong>S\u00edntomas f\u00edsicos adicionales de ansiedad generalizada<\/strong><\/h4>\n\n\n\n<p>Pueden aparecer distintas manifestaciones f\u00edsicas: toda persona ansiosa tiene su tal\u00f3n de Aquiles&nbsp;<em>.<br><\/em>Algunos sienten palpitaciones y tienen dificultad para respirar, otros tienen problemas digestivos, otros todav\u00eda sufren de mareos, enrojecimiento, hormigueo.<\/p>\n\n\n\n<h2 class=\"wp-block-heading\"><strong>Tratamiento farmacol\u00f3gico y psicoterapia<\/strong><\/h2>\n\n\n\n<blockquote class=\"wp-block-quote is-layout-flow wp-block-quote-is-layout-flow\"><p><strong>En casos de ansiedad generalizada, el tratamiento farmacol\u00f3gico es asistido por psicoterapia<\/strong><\/p><\/blockquote>\n\n\n\n<p>De hecho, las drogas alivian los s\u00edntomas, pero no eliminan la causa.&nbsp;Es a trav\u00e9s de una entrevista con un terapeuta que el paciente encuentra los nudos de su psiquismo en la base del estado ps\u00edquico y f\u00edsico de continua tensi\u00f3n.<\/p>\n\n\n\n<p>Para el tratamiento del trastorno de ansiedad generalizada, el tratamiento farmacol\u00f3gico consiste en la administraci\u00f3n de antidepresivos, ansiol\u00edticos y betabloqueantes que alivian s\u00edntomas f\u00edsicos como taquicardia y palpitaciones.<\/p>\n\n\n\n<p>La psicoterapia es el tratamiento de elecci\u00f3n para afrontar el trastorno de ansiedad generalizada, cuando afecta significativamente a la vida diaria del paciente.<\/p>\n\n\n\n<h2 class=\"wp-block-heading\"><a><\/a><strong>Ansiedad generalizada &#8211; \u00bfSe cura?&nbsp;\u00bfC\u00f3mo salir?<\/strong><\/h2>\n\n\n\n<p>Todas las personas que padecen ansiedad generalizada se preguntan: \u00bfse cura?&nbsp;\u00bfC\u00f3mo salir?<\/p>\n\n\n\n<p>Muchos piensan que si una persona est\u00e1 ansiosa, estar\u00e1 ansiosa toda su vida.<\/p>\n\n\n\n<blockquote class=\"wp-block-quote is-layout-flow wp-block-quote-is-layout-flow\"><p><strong>En realidad, la ansiedad generalizada se cura<\/strong><\/p><\/blockquote>\n\n\n\n<h6 class=\"wp-block-heading\"><strong>Entonces, \u00bfc\u00f3mo salir de eso?<\/strong><\/h6>\n\n\n\n<p>La ansiedad se puede aliviar mediante herramientas de autoayuda o consultando a un profesional.<\/p>\n\n\n\n<p>Las gu\u00edas de autoayuda pueden ayudarlo a comprender c\u00f3mo se manifiesta la ansiedad, qu\u00e9 la causa y c\u00f3mo manejarla a trav\u00e9s de ejercicios simples y t\u00e9cnicas de terapia cognitivo-conductual.<\/p>\n\n\n\n<h6 class=\"wp-block-heading\"><strong>\u00bfCu\u00e1ndo pedir ayuda psicol\u00f3gica?<\/strong><\/h6>\n\n\n\n<p>Puedes acudir a un profesional cuando las t\u00e9cnicas de autoayuda no son suficientes para producir resultados duraderos, pero especialmente si el nivel de ansiedad te impide llevar una vida satisfactoria.<\/p>\n\n\n\n<h6 class=\"wp-block-heading\"><\/h6>\n","protected":false},"excerpt":{"rendered":"<p>Cura de la ansiedad.\u00a0En mi experiencia en el centro de Palma son muchos los pacientes que me contactan para el tratamiento de la ansiedad. Pero,&hellip;<\/p>\n","protected":false},"author":1,"featured_media":3969,"comment_status":"open","ping_status":"closed","sticky":false,"template":"","format":"standard","meta":{"_seopress_robots_primary_cat":"none","_seopress_titles_title":"Ansiedad generalizada \u00bfQu\u00e9 es la ansiedad y c\u00f3mo se trata?","_seopress_titles_desc":"Cura de la ansiedad.\u00a0En mi experiencia en el centro de Palma son muchos los pacientes que me contactan para el tratamiento de la ansiedad.","_seopress_robots_index":"","footnotes":""},"categories":[6,3],"tags":[],"_links":{"self":[{"href":"https:\/\/www.zeropsicologos.com\/blog\/wp-json\/wp\/v2\/posts\/3967"}],"collection":[{"href":"https:\/\/www.zeropsicologos.com\/blog\/wp-json\/wp\/v2\/posts"}],"about":[{"href":"https:\/\/www.zeropsicologos.com\/blog\/wp-json\/wp\/v2\/types\/post"}],"author":[{"embeddable":true,"href":"https:\/\/www.zeropsicologos.com\/blog\/wp-json\/wp\/v2\/users\/1"}],"replies":[{"embeddable":true,"href":"https:\/\/www.zeropsicologos.com\/blog\/wp-json\/wp\/v2\/comments?post=3967"}],"version-history":[{"count":0,"href":"https:\/\/www.zeropsicologos.com\/blog\/wp-json\/wp\/v2\/posts\/3967\/revisions"}],"wp:featuredmedia":[{"embeddable":true,"href":"https:\/\/www.zeropsicologos.com\/blog\/wp-json\/wp\/v2\/media\/3969"}],"wp:attachment":[{"href":"https:\/\/www.zeropsicologos.com\/blog\/wp-json\/wp\/v2\/media?parent=3967"}],"wp:term":[{"taxonomy":"category","embeddable":true,"href":"https:\/\/www.zeropsicologos.com\/blog\/wp-json\/wp\/v2\/categories?post=3967"},{"taxonomy":"post_tag","embeddable":true,"href":"https:\/\/www.zeropsicologos.com\/blog\/wp-json\/wp\/v2\/tags?post=3967"}],"curies":[{"name":"wp","href":"https:\/\/api.w.org\/{rel}","templated":true}]}}