{"id":3972,"date":"2022-11-01T10:56:49","date_gmt":"2022-11-01T10:56:49","guid":{"rendered":"https:\/\/www.zeropsicologos.com\/blog\/?p=3972"},"modified":"2022-11-01T10:56:53","modified_gmt":"2022-11-01T10:56:53","slug":"miedos-y-fobias-causas-sintomas-y-tratamiento","status":"publish","type":"post","link":"https:\/\/www.zeropsicologos.com\/blog\/miedos-y-fobias-causas-sintomas-y-tratamiento\/","title":{"rendered":"Miedos y fobias: causas, s\u00edntomas y tratamiento"},"content":{"rendered":"\n<p>En mi experiencia en el centro psicol\u00f3gico en Mallorca, \u00bfson muchos los pacientes que se ponen en contacto conmigo para gestionar sus\u00a0<strong>miedos<\/strong>\u00a0y\u00a0<strong>fobias<\/strong>\u00a0?<\/p>\n\n\n\n<h6 class=\"wp-block-heading\"><strong>Pero, \u00bfqu\u00e9 son y c\u00f3mo podemos gestionar los miedos y las fobias?<\/strong><\/h6>\n\n\n\n<p>A veces ridiculizados, a menudo minimizados, los miedos y las fobias son muy frecuentes e incapacitantes para quienes los padecen.<\/p>\n\n\n\n<p>Sus manifestaciones son diferentes: pensamientos ansiosos, evitaci\u00f3n, ataques de ansiedad.&nbsp;Las consecuencias de las fobias son la soledad, el aislamiento social, la verg\u00fcenza, la sensaci\u00f3n de ser incomprendido y pueden conducir a la depresi\u00f3n.<\/p>\n\n\n\n<p>En este art\u00edculo te explicar\u00e9 qu\u00e9 son las\u00a0<strong>fobias<\/strong>\u00a0, cu\u00e1les son sus\u00a0<strong>causas<\/strong>\u00a0, los\u00a0<strong>s\u00edntomas<\/strong>\u00a0t\u00edpicos y c\u00f3mo\u00a0<strong>gestionar los miedos y las fobias,<\/strong>\u00a0\u00a0si vives en Mil\u00e1n no dudes en contactar conmigo.<\/p>\n\n\n\n<p><\/p>\n\n\n\n<h2 class=\"wp-block-heading\"><a><\/a><strong>Miedos y fobias &#8211; Definici\u00f3n y listado de los principales<\/strong><\/h2>\n\n\n\n<p><strong>El miedo es una emoci\u00f3n normal y natural<\/strong>&nbsp;que siente un individuo cuando se enfrenta al peligro.&nbsp;La mayor\u00eda de las veces tener miedo no altera nuestra vida social, familiar y profesional.<\/p>\n\n\n\n<p>Cuando la emoci\u00f3n del miedo se vuelve extrema, insoportable para la persona, ya no hablamos de&nbsp;&nbsp;<em>miedo<\/em>&nbsp;, sino de&nbsp;&nbsp;<em>fobia.<br><\/em>Las fobias caen bajo la clasificaci\u00f3n psiqui\u00e1trica de los trastornos de ansiedad.&nbsp;Hay&nbsp;<strong>tres tipos de fobias<\/strong>&nbsp;de las que damos una lista:<\/p>\n\n\n\n<h3 class=\"wp-block-heading\"><a><\/a><strong><em>Fobias espec\u00edficas&nbsp;<\/em><\/strong><\/h3>\n\n\n\n<p>Miedo persistente, intenso e irracional que surge de la presencia (real o anticipada) de un objeto o una situaci\u00f3n espec\u00edfica: animales, insectos, vac\u00edo, conducci\u00f3n de autom\u00f3viles, aviones, tormentas el\u00e9ctricas, sangre, espacios cerrados.&nbsp;Los adjetivos \u00abirracional\u00bb e \u00abintenso\u00bb indican que el miedo es extremo y desproporcionado frente al riesgo real que presenta la situaci\u00f3n u objeto temido.<\/p>\n\n\n\n<h3 class=\"wp-block-heading\"><a><\/a><strong><em>Agorafobia<\/em><\/strong><\/h3>\n\n\n\n<p>Ansiedad relacionada con el miedo a perder el control en lugares donde perderlo podr\u00eda ser vergonzoso.&nbsp;Estos lugares pueden ser espacios concurridos como autobuses, aviones, supermercados, o simplemente abiertos como plazas concurridas.&nbsp;La agorafobia puede presentarse con o sin ataques de p\u00e1nico.<\/p>\n\n\n\n<h3 class=\"wp-block-heading\"><a><\/a><strong><em>Fobias sociales<\/em><\/strong><\/h3>\n\n\n\n<p>Se caracterizan por ser miedos extremos relacionados con la sensaci\u00f3n de estar bajo la observaci\u00f3n y el juicio de los dem\u00e1s.&nbsp;Los ejemplos son hablar en p\u00fablico, pedir informaci\u00f3n, asistir a una velada con amigos.<\/p>\n\n\n\n<h2 class=\"wp-block-heading\"><a><\/a><strong>\u00bfC\u00f3mo se manifiesta una fobia?&nbsp;Los s\u00edntomas caracter\u00edsticos<\/strong><\/h2>\n\n\n\n<blockquote class=\"wp-block-quote is-layout-flow wp-block-quote-is-layout-flow\"><p><strong>Cada fobia da s\u00edntomas caracter\u00edsticos, debido al miedo exagerado que controla al individuo<\/strong><\/p><\/blockquote>\n\n\n\n<p>El objeto que desencadena el p\u00e1nico cambia de sujeto a sujeto, pero las reacciones son las mismas, comunes a todas las fobias.<\/p>\n\n\n\n<p>A continuaci\u00f3n se proporciona una lista de los principales s\u00edntomas:<\/p>\n\n\n\n<h3 class=\"wp-block-heading\"><strong><em>El ataque de p\u00e1nico<\/em><\/strong><\/h3>\n\n\n\n<p>Ante el animal, objeto o situaci\u00f3n temida, nuestro cuerpo reacciona a trav\u00e9s de&nbsp;<strong>tres modos de respuesta cl\u00e1sicos<\/strong>&nbsp;, denominados 3F:&nbsp;<em>Vuelo &#8211; Lucha &#8211; Congelaci\u00f3n<\/em>&nbsp;, en italiano, \u00abescapar\u00bb, \u00abluchar\u00bb y \u00abcongelar\u00bb, en el sentido de \u00abbloquear\u00bb.&nbsp;<em>.<\/em><\/p>\n\n\n\n<blockquote class=\"wp-block-quote is-layout-flow wp-block-quote-is-layout-flow\"><p><strong>A veces el miedo es tan intenso que puede provocar un ataque de p\u00e1nico<\/strong><\/p><\/blockquote>\n\n\n\n<p>El ataque de p\u00e1nico es un momento de ansiedad, miedo, malestar muy intenso acompa\u00f1ado de s\u00edntomas como: palpitaciones, aceleraci\u00f3n del ritmo card\u00edaco, temblores.&nbsp;Los s\u00edntomas de un ataque de p\u00e1nico son el resultado de la hiperventilaci\u00f3n.<\/p>\n\n\n\n<h3 class=\"wp-block-heading\"><a><\/a><strong><em>Evitaci\u00f3n<\/em><\/strong><\/h3>\n\n\n\n<p><strong>La persona hace todo lo posible por evitar el objeto o situaci\u00f3n temida<\/strong>&nbsp;.&nbsp;La evitaci\u00f3n acaba provocando una verdadera perturbaci\u00f3n en la vida cotidiana del sujeto.&nbsp;La evitaci\u00f3n moviliza tiempo y energ\u00eda y evita que te des cuenta de que se sobreestima el peligro.&nbsp;A medida que contin\u00faas evitando, el miedo crece y la fobia empeora.<\/p>\n\n\n\n<h3 class=\"wp-block-heading\"><strong><em>Creencias limitantes<\/em><\/strong><\/h3>\n\n\n\n<p>La persona f\u00f3bica desarrolla&nbsp;<strong>pensamientos (creencias) limitantes y poderosos en relaci\u00f3n a su miedo<\/strong>&nbsp;.&nbsp;Por ejemplo, el miedo a los p\u00e1jaros puede hacerle creer que son capaces de reconocer su miedo y atacarlo en momentos puntuales.&nbsp;Cualquiera que tenga miedo a los perros piensa que todos los perros son malos.&nbsp;La ansiedad percibida lleva a malinterpretar la informaci\u00f3n del contexto.&nbsp;Toda la informaci\u00f3n se filtra a trav\u00e9s del canal del miedo.&nbsp;Aquellos que tienen miedo a las serpientes, por ejemplo, son llevados a interpretar todos los movimientos del reptil como se\u00f1ales de ataque.<\/p>\n\n\n\n<h2 class=\"wp-block-heading\"><a><\/a><strong>\u00bfC\u00f3mo surgen las fobias?&nbsp;Las causas m\u00e1s comunes<\/strong><\/h2>\n\n\n\n<blockquote class=\"wp-block-quote is-layout-flow wp-block-quote-is-layout-flow\"><p><strong>Las fobias tienen causas espec\u00edficas<\/strong><\/p><\/blockquote>\n\n\n\n<p>Se derivan de factores ambientales, pero tambi\u00e9n de fuerzas evolutivas.&nbsp;Para aclarar c\u00f3mo surgen las fobias, presentamos una lista sint\u00e9tica de las causas:<\/p>\n\n\n\n<h3 class=\"wp-block-heading\"><a><\/a><strong><em>Experiencia personal directa<\/em><\/strong><\/h3>\n\n\n\n<p>Las fobias pueden originarse a ra\u00edz de una experiencia desagradable y traum\u00e1tica.&nbsp;En realidad, el n\u00famero de fobias debidas a un shock no es tan frecuente y muchas veces un mismo shock tiene consecuencias diferentes de persona a persona.<\/p>\n\n\n\n<h3 class=\"wp-block-heading\"><a><\/a><strong><em>La observaci\u00f3n de los modelos sociales y el ejemplo familiar.<\/em><\/strong><\/h3>\n\n\n\n<blockquote class=\"wp-block-quote is-layout-flow wp-block-quote-is-layout-flow\"><p><strong>Los antecedentes familiares juegan un papel importante en la aparici\u00f3n de una fobia<\/strong><\/p><\/blockquote>\n\n\n\n<p>El ni\u00f1o aprende de la familia.&nbsp;Si observa reacciones de miedo frente a animales u objetos de la familia, adquiere una tendencia a reproducir estos comportamientos.&nbsp;Adem\u00e1s de los&nbsp;<strong>comportamientos<\/strong>&nbsp;, los&nbsp;<strong>discursos y las actitudes no verbales<\/strong>&nbsp;tambi\u00e9n tienen su importancia.&nbsp;Los comentarios, las historias contadas, las simples reacciones de la cara (por ejemplo, el horror frente a un rat\u00f3n) representan un mayor aprendizaje para el ni\u00f1o.&nbsp;Cuando el modelo parental es disfuncional, el ni\u00f1o aprende la fobia y los comportamientos relacionados.<\/p>\n\n\n\n<blockquote class=\"wp-block-quote is-layout-flow wp-block-quote-is-layout-flow\"><p><strong>La transmisi\u00f3n parental multiplica por 3 el riesgo de fobias en el ni\u00f1o<\/strong><\/p><\/blockquote>\n\n\n\n<h3 class=\"wp-block-heading\"><strong><em>El instinto<\/em><\/strong><\/h3>\n\n\n\n<p>El nacimiento de una fobia est\u00e1 directamente relacionado con el&nbsp;<strong>ancestral instinto de supervivencia de la especie humana<\/strong>&nbsp;.&nbsp;Estos miedos extremos fueron justificados en el pasado y favorecieron la adaptaci\u00f3n del hombre a su entorno.&nbsp;Podemos hablar de gen\u00e9tica: ante una situaci\u00f3n de peligro se produce un comportamiento autom\u00e1tico acompa\u00f1ado de emociones intensas y de evitaci\u00f3n.<\/p>\n\n\n\n<p>Los patrones de peligro, por tanto, se transmiten gen\u00e9ticamente, pero son los contextos familiares y sociales los que facilitan su manifestaci\u00f3n descontrolada.<\/p>\n\n\n\n<h3 class=\"wp-block-heading\"><a><\/a><strong><em>Otros factores<\/em><\/strong><\/h3>\n\n\n\n<p>El estr\u00e9s profesional o relacional, los entornos familiares ansiosos son terreno f\u00e9rtil para la manifestaci\u00f3n de miedos y fobias.<\/p>\n\n\n\n<h2 class=\"wp-block-heading\"><a><\/a><strong>\u00bfC\u00f3mo salir de las limitaciones de las fobias?<\/strong><\/h2>\n\n\n\n<p>Las fobias afectan fuertemente la vida de las personas que las padecen.&nbsp;Entonces, cada individuo f\u00f3bico se pregunta&nbsp;<strong>c\u00f3mo manejar los miedos y las fobias.<\/strong><\/p>\n\n\n\n<blockquote class=\"wp-block-quote is-layout-flow wp-block-quote-is-layout-flow\"><p><strong>Uno de los elementos clave para superar tus fobias es exponerte progresivamente a lo que temes<\/strong><\/p><\/blockquote>\n\n\n\n<p>Antes de hacerlo, sin embargo, es necesario identificar con precisi\u00f3n las situaciones evitadas y el nivel de intensidad del miedo.&nbsp;Para ello es necesario elaborar una&nbsp;&nbsp;<em>lista jer\u00e1rquica<\/em>&nbsp;.&nbsp;Veamos brevemente qu\u00e9 significa y todos los pasos para entender c\u00f3mo salir de las limitaciones de las fobias.<\/p>\n\n\n\n<h3 class=\"wp-block-heading\"><a><\/a><strong><em>Lista jer\u00e1rquica &#8211; Las fobias en una lista ordenada, desde las m\u00e1s angustiosas hasta las menos angustiosas<\/em><\/strong><\/h3>\n\n\n\n<p>Una lista jer\u00e1rquica representa el conjunto de situaciones que el sujeto evita para no sentir p\u00e1nico.&nbsp;Se define como \u201cjer\u00e1rquica\u201d porque dentro de ella se deben ordenar las situaciones seg\u00fan una jerarqu\u00eda, un orden preciso: de la situaci\u00f3n m\u00e1s ansiosa a la menos ansiosa.&nbsp;Idealmente, la lista deber\u00eda contener alrededor de 10-15 situaciones.&nbsp;Para cada situaci\u00f3n se debe indicar el nivel de miedo, en una escala del 0 al 10.<\/p>\n\n\n\n<h3 class=\"wp-block-heading\"><a><\/a><strong><em>Lidiando con el miedo &#8211; C\u00f3mo salir de las trampas de las fobias&nbsp;<\/em><\/strong><\/h3>\n\n\n\n<p>Si evitar ayuda a reducir la ansiedad a corto plazo, la amplifica a largo plazo.&nbsp;Cuanto m\u00e1s lo evitas, m\u00e1s gana fuerza el miedo.<\/p>\n\n\n\n<blockquote class=\"wp-block-quote is-layout-flow wp-block-quote-is-layout-flow\"><p><strong>La \u00fanica manera de eliminar los miedos es enfrent\u00e1ndolos<\/strong><\/p><\/blockquote>\n\n\n\n<p>Seguramente a un f\u00f3bico la idea de exponerse al objeto que desencadena el miedo le parece inconcebible.&nbsp;Su deseo es escapar indefinidamente.<br>Para ser funcional, la pantalla debe respetar algunas reglas b\u00e1sicas:<\/p>\n\n\n\n<ul><li><strong>Elige una Situaci\u00f3n Relevante<\/strong>&nbsp;: Es importante enfocarte en una situaci\u00f3n que ocurre con frecuencia y que deseas cambiar.<\/li><li><strong>Prep\u00e1rate<\/strong>&nbsp;: un ejercicio de exhibici\u00f3n no se improvisa.&nbsp;Es importante planificar esto con anticipaci\u00f3n (una semana para otra).<\/li><li><strong>Exp\u00f3nte de forma progresiva<\/strong>&nbsp;: tomando como referencia tu lista jer\u00e1rquica empiezas a exponerte a la situaci\u00f3n m\u00e1s f\u00e1cil, y solo cuando esta situaci\u00f3n ya no te causa ansiedad y miedo pasas a la siguiente.<\/li><li><strong>T\u00f3mese su tiempo<\/strong>&nbsp;: la exposici\u00f3n es m\u00e1s efectiva cuanto m\u00e1s se prolonga.&nbsp;La investigaci\u00f3n cient\u00edfica ha demostrado que la ansiedad disminuye despu\u00e9s de un cierto tiempo de exposici\u00f3n, que var\u00eda de persona a persona.&nbsp;Por lo tanto, el consejo es prolongar la exposici\u00f3n hasta que se sienta c\u00f3modo con la situaci\u00f3n previamente evitada.<\/li><li><strong>Repite con frecuencia<\/strong>&nbsp;: cuanto m\u00e1s te expongas a la misma situaci\u00f3n, m\u00e1s r\u00e1pido te acercar\u00e1s al objetivo de superar el miedo.&nbsp;Practique la exposici\u00f3n al menos dos veces por semana.&nbsp;El objetivo es darse cuenta de cu\u00e1nto disminuye la ansiedad con la repetici\u00f3n de exposiciones.<\/li><\/ul>\n\n\n\n<h3 class=\"wp-block-heading\"><a><\/a><strong><em>Cambia tus pensamientos<\/em><\/strong><\/h3>\n\n\n\n<p>Cambia tus pensamientos autom\u00e1ticos.<br>Estos pensamientos son solo hip\u00f3tesis, no hechos.<\/p>\n\n\n\n<p>Generalmente aceptamos estos pensamientos como verdades absolutas que no se discuten.<br>El estado emocional condiciona nuestra capacidad de leer los acontecimientos.&nbsp;En el caso de las fobias, es el miedo el que afecta nuestra visi\u00f3n y conduce a una sobreestimaci\u00f3n de los peligros.<\/p>\n\n\n\n<p>Un ejercicio \u00fatil es anotar pensamientos relacionados con situaciones evitadas y cuestionarlos.&nbsp;Por ejemplo, puedes intentar responder a las siguientes preguntas:<\/p>\n\n\n\n<ul><li>\u00bfQu\u00e9 argumentos confirman que mi pensamiento es verdadero?<\/li><li>\u00bfQu\u00e9 me puede pasar?<\/li><li>\u00bfHe experimentado la misma situaci\u00f3n en el pasado?&nbsp;Entonces, \u00bflo que hab\u00eda predicho era cierto?&nbsp;\u00bfSucedi\u00f3?<\/li><li>\u00bfQu\u00e9 dicen las estad\u00edsticas?<\/li><li>\u00bfQu\u00e9 dir\u00eda una persona que no tiene miedo en esta situaci\u00f3n?<\/li><li>Si mi pensamiento se hiciera realidad, \u00bfqu\u00e9 puedo hacer?<\/li><\/ul>\n\n\n\n<p>Responder estas preguntas le permite tener una visi\u00f3n m\u00e1s realista de su miedo, basada en hechos, no en creencias.<\/p>\n\n\n\n<p><\/p>\n","protected":false},"excerpt":{"rendered":"<p>En mi experiencia en el centro psicol\u00f3gico en Mallorca, \u00bfson muchos los pacientes que se ponen en contacto conmigo para gestionar sus\u00a0miedos\u00a0y\u00a0fobias\u00a0? Pero, \u00bfqu\u00e9 son&hellip;<\/p>\n","protected":false},"author":1,"featured_media":3974,"comment_status":"open","ping_status":"closed","sticky":false,"template":"","format":"standard","meta":{"_seopress_robots_primary_cat":"none","_seopress_titles_title":"Miedos y fobias: causas, s\u00edntomas y tratamiento","_seopress_titles_desc":"En mi experiencia en el centro psicol\u00f3gico en Mallorca, \u00bfson muchos los pacientes que se ponen en contacto conmigo para gestionar sus miedos y fobias ?","_seopress_robots_index":"","footnotes":""},"categories":[6,1],"tags":[],"_links":{"self":[{"href":"https:\/\/www.zeropsicologos.com\/blog\/wp-json\/wp\/v2\/posts\/3972"}],"collection":[{"href":"https:\/\/www.zeropsicologos.com\/blog\/wp-json\/wp\/v2\/posts"}],"about":[{"href":"https:\/\/www.zeropsicologos.com\/blog\/wp-json\/wp\/v2\/types\/post"}],"author":[{"embeddable":true,"href":"https:\/\/www.zeropsicologos.com\/blog\/wp-json\/wp\/v2\/users\/1"}],"replies":[{"embeddable":true,"href":"https:\/\/www.zeropsicologos.com\/blog\/wp-json\/wp\/v2\/comments?post=3972"}],"version-history":[{"count":0,"href":"https:\/\/www.zeropsicologos.com\/blog\/wp-json\/wp\/v2\/posts\/3972\/revisions"}],"wp:featuredmedia":[{"embeddable":true,"href":"https:\/\/www.zeropsicologos.com\/blog\/wp-json\/wp\/v2\/media\/3974"}],"wp:attachment":[{"href":"https:\/\/www.zeropsicologos.com\/blog\/wp-json\/wp\/v2\/media?parent=3972"}],"wp:term":[{"taxonomy":"category","embeddable":true,"href":"https:\/\/www.zeropsicologos.com\/blog\/wp-json\/wp\/v2\/categories?post=3972"},{"taxonomy":"post_tag","embeddable":true,"href":"https:\/\/www.zeropsicologos.com\/blog\/wp-json\/wp\/v2\/tags?post=3972"}],"curies":[{"name":"wp","href":"https:\/\/api.w.org\/{rel}","templated":true}]}}