{"id":3978,"date":"2022-11-03T14:24:42","date_gmt":"2022-11-03T14:24:42","guid":{"rendered":"https:\/\/www.zeropsicologos.com\/blog\/?p=3978"},"modified":"2023-07-25T08:22:59","modified_gmt":"2023-07-25T08:22:59","slug":"depresion-enmascarada-y-trastornos-del-estado-de-animo","status":"publish","type":"post","link":"https:\/\/www.zeropsicologos.com\/blog\/depresion-enmascarada-y-trastornos-del-estado-de-animo\/","title":{"rendered":"Depresi\u00f3n enmascarada y trastornos del estado de \u00e1nimo"},"content":{"rendered":"\n<p><strong>Tratamiento de la depresi\u00f3n<\/strong>.&nbsp;En este art\u00edculo, gracias a mi experiencia como psic\u00f3logo en Palma, te explicar\u00e9 qu\u00e9 es la&nbsp;<strong>depresi\u00f3n<\/strong>&nbsp;y c\u00f3mo tratarla de forma eficaz.<\/p>\n\n\n\n<h6 class=\"wp-block-heading\"><strong>Pero, \u00bfqu\u00e9 es la depresi\u00f3n y c\u00f3mo podemos reconocerla?<\/strong><\/h6>\n\n\n\n<p>El t\u00e9rmino \u201ctrastornos del estado de \u00e1nimo\u201d hace referencia a un cuadro patol\u00f3gico caracterizado por alteraciones significativas y duraderas en el estado de \u00e1nimo que afectan a la vida social del individuo.<\/p>\n\n\n\n<p><strong>Los trastornos<\/strong>&nbsp;del estado de \u00e1nimo&nbsp;con sus&nbsp;<strong>s\u00edntomas<\/strong>&nbsp;caracter\u00edsticos afectan a un gran n\u00famero de personas.<br>Se trata de un conjunto de patolog\u00edas muy extendidas, tanto que afecta a cerca del 20% de los individuos a nivel mundial.&nbsp;As\u00ed, dos de cada diez personas han sufrido uno o m\u00e1s episodios de alteraci\u00f3n patol\u00f3gica del estado de \u00e1nimo.<\/p>\n\n\n\n<p>En circunstancias normales, el estado de \u00e1nimo de la persona fluct\u00faa en funci\u00f3n de algunos mecanismos que operan a nivel fisiol\u00f3gico.&nbsp;Las reacciones de los sujetos son adecuadas a las condiciones ambientales circundantes.&nbsp;En caso contrario, ante la presencia de un trastorno del estado de \u00e1nimo, existen anomal\u00edas importantes en la regulaci\u00f3n del estado de \u00e1nimo que interfieren con las actividades normales de la vida diaria.<\/p>\n\n\n\n<p>Este art\u00edculo ofrece una breve descripci\u00f3n de los posibles&nbsp;<strong>trastornos del estado de \u00e1nimo en la infancia y la vida adulta<\/strong>&nbsp;, y posteriormente profundiza en el tema de la&nbsp;<strong>depresi\u00f3n enmascarada<\/strong>&nbsp;.<\/p>\n\n\n\n<p><\/p>\n\n\n\n<h2 class=\"wp-block-heading\"><a><\/a><strong>Trastornos del estado de \u00e1nimo &#8211; Los principales s\u00edntomas<\/strong><\/h2>\n\n\n\n<p>\u00bfCu\u00e1les son las principales alteraciones que caracterizan los trastornos del estado de \u00e1nimo en la infancia y la vida adulta?&nbsp;Las anomal\u00edas son esencialmente depresi\u00f3n, man\u00eda y estado de \u00e1nimo mixto o disf\u00f3rico.&nbsp;\u00bfPero de qu\u00e9 se trata exactamente?&nbsp;Estos son los s\u00edntomas a trav\u00e9s de los cuales se manifiestan&nbsp;<strong>los trastornos<\/strong>&nbsp;del estado de \u00e1nimo y que nos permiten&nbsp;<strong>clasificarlos<\/strong>&nbsp;.&nbsp;Damos una breve descripci\u00f3n de cada uno.<\/p>\n\n\n\n<ul>\n<li><strong>DEPRESI\u00d3N La<\/strong><br>depresi\u00f3n se manifiesta con tristeza, disminuci\u00f3n de la vitalidad, apat\u00eda, abulia, ideas delirantes pesimistas que pueden llegar al estado severo de pensamientos autolesivos.<\/li>\n\n\n\n<li><strong>MAN\u00cdA La<\/strong><br>man\u00eda es un trastorno que representa el extremo opuesto de la depresi\u00f3n.&nbsp;Sus manifestaciones caracter\u00edsticas son euforia, logorrea, aumento de la velocidad del pensamiento hasta verdaderos delirios.<\/li>\n\n\n\n<li><strong>ESTADO DE \u00c1NIMO MEZCLADO O DISF\u00d3RICO<\/strong><br>El estado de \u00e1nimo mixto o disf\u00f3rico es una condici\u00f3n en la que el sujeto presenta s\u00edntomas depresivos y man\u00edacos al mismo tiempo.<\/li>\n<\/ul>\n\n\n\n<h2 class=\"wp-block-heading\"><a><\/a><strong>Los principales trastornos del estado de \u00e1nimo en la infancia y la vida adulta<\/strong><\/h2>\n\n\n\n<p>\u00bfCu\u00e1les son los principales trastornos del estado de \u00e1nimo en la infancia y la vida adulta?&nbsp;El&nbsp;<strong>DSM-5<\/strong>&nbsp;distingue entre dos grandes categor\u00edas, la de&nbsp;<strong>los trastornos depresivos<\/strong>&nbsp;y la de&nbsp;<strong>los trastornos bipolares<\/strong>&nbsp;.&nbsp;A continuaci\u00f3n, ofrecemos una breve descripci\u00f3n de los principales&nbsp;<strong>trastornos<\/strong>&nbsp;del estado de \u00e1nimo seg\u00fan la&nbsp;<strong>clasificaci\u00f3n<\/strong>&nbsp;que se encuentra en el DSM-5.<\/p>\n\n\n\n<h3 class=\"wp-block-heading\"><a><\/a><strong>Trastornos depresivos<\/strong><\/h3>\n\n\n\n<p>El DSM-5 incluye el trastorno de desregulaci\u00f3n disruptiva del estado de \u00e1nimo, la depresi\u00f3n mayor, el trastorno depresivo persistente, el trastorno disf\u00f3rico premenstrual en la categor\u00eda de trastornos depresivos.<\/p>\n\n\n\n<h4 class=\"wp-block-heading\"><a><\/a><strong>1- Trastorno de desregulaci\u00f3n disruptiva del estado de \u00e1nimo (DMDD)<\/strong><\/h4>\n\n\n\n<p><strong>El trastorno de desregulaci\u00f3n disruptiva del estado de \u00e1nimo<\/strong>&nbsp;( DMDD , por sus siglas en ingl\u00e9s&nbsp;) se encuentra en ni\u00f1os y adolescentes.&nbsp;El inicio se produce entre los 6 y los 10 a\u00f1os y puede diagnosticarse hasta los dieciocho a\u00f1os.&nbsp;Generalmente evoluciona a un trastorno de ansiedad o depresi\u00f3n mayor.&nbsp;Entre los diferentes trastornos del estado de \u00e1nimo, se caracteriza por su reciente clasificaci\u00f3n.&nbsp;De hecho, aparece por primera vez en el DSM-5 en su \u00faltima edici\u00f3n.<\/p>\n\n\n\n<p>En el trastorno de desregulaci\u00f3n disruptiva del estado de \u00e1nimo, los s\u00edntomas principales son estallidos frecuentes de ira y agresi\u00f3n.&nbsp;Para realizar el diagn\u00f3stico de la enfermedad es necesario que los episodios se presenten al menos tres veces por semana.<\/p>\n\n\n\n<h4 class=\"wp-block-heading\"><a><\/a><strong>2- Depresi\u00f3n mayor<\/strong><\/h4>\n\n\n\n<p><strong>La depresi\u00f3n<\/strong>&nbsp;mayor&nbsp;consiste en un estado de profunda alteraci\u00f3n del estado de \u00e1nimo que no est\u00e1 relacionado con un evento adverso en particular (duelo, p\u00e9rdida del trabajo, ruptura de una relaci\u00f3n afectiva, situaciones de estr\u00e9s acentuado).&nbsp;Para hacer un diagn\u00f3stico de depresi\u00f3n mayor, al menos cinco de los s\u00edntomas enumerados a continuaci\u00f3n deben estar presentes durante al menos dos semanas.<\/p>\n\n\n\n<ul>\n<li>Estado de \u00e1nimo deprimido<\/li>\n\n\n\n<li>Desinter\u00e9s por cualquier actividad de la vida diaria;<\/li>\n\n\n\n<li>Insomnio o hipersomnia;<\/li>\n\n\n\n<li>P\u00e9rdida de peso o cambio significativo en el apetito.<\/li>\n\n\n\n<li>Alteraciones psicomotoras como agitaci\u00f3n o enlentecimiento de la motricidad;<\/li>\n\n\n\n<li>Sensaci\u00f3n de fatiga abrumadora y falta de energ\u00eda;<\/li>\n\n\n\n<li>Dificultad para concentrarse<\/li>\n\n\n\n<li>Baja autoestima o sentimientos de culpa exagerados<\/li>\n\n\n\n<li>Pensamientos de muerte, pensamientos suicidas o intentos reales de suicidio.<\/li>\n<\/ul>\n\n\n\n<h4 class=\"wp-block-heading\"><a><\/a><strong>3- Trastorno depresivo persistente<\/strong><\/h4>\n\n\n\n<p>Como sugiere su nombre,&nbsp;<strong>el trastorno depresivo persistente<\/strong>&nbsp;se caracteriza por un estado de \u00e1nimo deprimido cr\u00f3nico, que dura al menos dos a\u00f1os.&nbsp;Los s\u00edntomas del trastorno depresivo persistente no son tan graves como los de la depresi\u00f3n mayor y esto puede plantear dificultades en el diagn\u00f3stico.&nbsp;El paciente puede tener d\u00edas en que el estado de \u00e1nimo es normal, pero el cese de los s\u00edntomas dura solo unos d\u00edas.<\/p>\n\n\n\n<ul>\n<li>Aqu\u00ed est\u00e1 la lista de s\u00edntomas del trastorno depresivo persistente:<\/li>\n\n\n\n<li>Muy poco o demasiado apetito;<\/li>\n\n\n\n<li>Sensaci\u00f3n de fatiga constante y falta de energ\u00eda;<\/li>\n\n\n\n<li>Insomnio o hipersomnia;<\/li>\n\n\n\n<li>Baja autoestima;<\/li>\n\n\n\n<li>Idea persistente de estar \u00absin esperanza\u00bb;<\/li>\n\n\n\n<li>Dificultad para concentrarse e incapacidad para tomar decisiones.<\/li>\n<\/ul>\n\n\n\n<h4 class=\"wp-block-heading\"><a><\/a><strong>4- Trastorno disf\u00f3rico premenstrual<\/strong><\/h4>\n\n\n\n<p><strong>El trastorno disf\u00f3rico<\/strong>&nbsp;premenstrual&nbsp;se incluy\u00f3 por primera vez en el DSM-5, \u00faltima edici\u00f3n de 2012. Es un s\u00edndrome patol\u00f3gico entre los trastornos del estado de \u00e1nimo que por primera vez encuentra una clasificaci\u00f3n en el texto de referencia de la psiquiatr\u00eda.&nbsp;Est\u00e1 estrechamente relacionado con factores hormonales que tambi\u00e9n provocan s\u00edntomas f\u00edsicos como hinchaz\u00f3n, dolor en los senos, dolor abdominal, articular o muscular.<\/p>\n\n\n\n<h3 class=\"wp-block-heading\"><a><\/a><strong>Trastornos bipolares del estado de \u00e1nimo<\/strong><\/h3>\n\n\n\n<p>El trastorno bipolar del estado de&nbsp;<strong>\u00e1nimo<\/strong>&nbsp;se distingue de los trastornos depresivos porque tiene dos polaridades, y no solo una.&nbsp;De hecho, el paciente que sufre un trastorno bipolar del estado de \u00e1nimo sufre alternativamente&nbsp;<strong>estados depresivos y estados euf\u00f3ricos<\/strong>&nbsp;.&nbsp;La man\u00eda alterna con la depresi\u00f3n.&nbsp;Tambi\u00e9n pueden ocurrir episodios hipoman\u00edacos, es decir, estados de man\u00eda leve.<\/p>\n\n\n\n<p>Los episodios man\u00edacos se caracterizan por un estado de \u00e1nimo definido como \u00abexpandido\u00bb, es decir, euf\u00f3rico.&nbsp;El paciente se vuelve hablador.&nbsp;El contenido del pensamiento se acelera y el paciente parece no necesitar dormir.&nbsp;Hay una alta activaci\u00f3n psicomotora y puede dar lugar a comportamientos totalmente inadecuados al contexto social.<\/p>\n\n\n\n<p>El trastorno bipolar del estado de \u00e1nimo se clasifica en&nbsp;<strong>cuatro variantes<\/strong>&nbsp;: trastorno bipolar I, trastorno bipolar II, ciclotimia y, por \u00faltimo, trastorno bipolar inducido por sustancias.<\/p>\n\n\n\n<ul>\n<li><a><\/a><strong>bipolar yo<\/strong><\/li>\n<\/ul>\n\n\n\n<p>El trastorno bipolar I ocurre con episodios alternos de man\u00eda, hipoman\u00eda y depresi\u00f3n.<\/p>\n\n\n\n<ul>\n<li><a><\/a><strong>Trastorno bipolar II<\/strong><\/li>\n<\/ul>\n\n\n\n<p>El trastorno bipolar II alterna entre episodios hipoman\u00edacos y depresivos.<\/p>\n\n\n\n<ul>\n<li><a><\/a><strong>ciclotimia<\/strong><\/li>\n<\/ul>\n\n\n\n<p>En la ciclotimia el paciente pasa de episodios hipoman\u00edacos leves a estados depresivos leves.<\/p>\n\n\n\n<ul>\n<li><a><\/a><strong>Trastorno bipolar causado por sustancias<\/strong><\/li>\n<\/ul>\n\n\n\n<p>En algunos casos, el trastorno bipolar es causado por el consumo de drogas o narc\u00f3ticos.<\/p>\n\n\n\n<h2 class=\"wp-block-heading\"><a><\/a><strong>Depresi\u00f3n enmascarada: qu\u00e9 es y c\u00f3mo reconocerla<\/strong><\/h2>\n\n\n\n<p>La frase \u00bb&nbsp;<strong>depresi\u00f3n enmascarada<\/strong>&nbsp;\u00bb ha estado en la literatura durante varias d\u00e9cadas.<\/p>\n\n\n\n<p>Los signos y s\u00edntomas som\u00e1ticos de la depresi\u00f3n enmascarada son:<\/p>\n\n\n\n<ul>\n<li>Dolor de cabeza cr\u00f3nico en forma de una sensaci\u00f3n indeterminada de presi\u00f3n o sensaci\u00f3n de ardor en la cabeza;<\/li>\n\n\n\n<li>neuralgia;<\/li>\n\n\n\n<li>S\u00edntomas card\u00edacos, presi\u00f3n alta, angustia, taquicardia;<\/li>\n\n\n\n<li>Sensaciones de presi\u00f3n y opresi\u00f3n en la garganta y \u00f3rganos respiratorios;<\/li>\n\n\n\n<li>Sequedad de boca, dolor intestinal, estre\u00f1imiento o diarrea<\/li>\n\n\n\n<li>Cambios en el ritmo del sue\u00f1o, fatiga, ataques de p\u00e1nico;<\/li>\n\n\n\n<li>Dolor abdominal, flujo vaginal, tenesmo, incontinencia, dolor en los \u00f3rganos urogenitales, molestias que afectan la funci\u00f3n sexual;<\/li>\n\n\n\n<li>Alteraciones visuales, p\u00e9rdida de cabello, a veces incluso alopecia.<\/li>\n<\/ul>\n\n\n\n<p>Durante las \u00faltimas d\u00e9cadas, m\u00e1s y m\u00e1s pacientes han buscado consejo m\u00e9dico con la esperanza de encontrar alivio de los s\u00edntomas f\u00edsicos para los que los m\u00e9dicos no han podido encontrar ninguna causa org\u00e1nica.<\/p>\n\n\n\n<p>En estos casos, los m\u00e9dicos siempre deben tener en cuenta que los agravios f\u00edsicos pueden ocultar un&nbsp;<strong>estado depresivo subyacente<\/strong>&nbsp;.<\/p>\n\n\n\n<h3 class=\"wp-block-heading\"><strong>\u00bfPor qu\u00e9 es dif\u00edcil reconocer los s\u00edntomas de la depresi\u00f3n enmascarada?<\/strong><\/h3>\n\n\n\n<p>El hecho de que la sintomatolog\u00eda de los estados depresivos haya cambiado hacia una somatizaci\u00f3n m\u00e1s evidente y pronunciada est\u00e1 determinado en cierta medida por las caracter\u00edsticas de la vida moderna.&nbsp;La tecnolog\u00eda cada vez m\u00e1s sofisticada, la vida agitada, la competencia social y, por \u00faltimo y sobre todo, la tendencia del individuo a aislarse son factores que tienen repercusiones patol\u00f3gicas en las personas sensibles y emocionalmente fr\u00e1giles.<\/p>\n\n\n\n<p>Otra caracter\u00edstica de nuestra era industrializada es la&nbsp;<strong>creciente indiferenciaci\u00f3n de intereses<\/strong>&nbsp;.<\/p>\n\n\n\n<p>Los valores espirituales y morales ya no juegan un papel importante.&nbsp;El materialismo tiende a dominarlo todo.&nbsp;Se da m\u00e1s importancia al cuerpo que al esp\u00edritu: como consecuencia de esto, quien est\u00e1 deprimido experimenta su depresi\u00f3n a trav\u00e9s del cuerpo o en el cuerpo.<\/p>\n\n\n\n<p>Las personas toleran m\u00e1s f\u00e1cilmente el sufrimiento derivado de una enfermedad f\u00edsica que una enfermedad de origen emocional.&nbsp;Tambi\u00e9n por este motivo, la depresi\u00f3n se expresa cada vez con m\u00e1s frecuencia a trav\u00e9s de&nbsp;<strong>manifestaciones som\u00e1ticas<\/strong>&nbsp;.<\/p>\n\n\n\n<p>A pesar de las constantes garant\u00edas de los m\u00e9dicos de que la angustia mental y emocional ya no es \u00abvergonzosa\u00bb como las enfermedades org\u00e1nicas, el hombre com\u00fan no se deja persuadir.&nbsp;Esto puede llevar f\u00e1cilmente a muchos pacientes a evitar el riesgo de discriminaci\u00f3n social exteriorizando sus ansiedades en forma de resentimientos f\u00edsicos.<\/p>\n\n\n\n<p>Es importante identificar un estado de depresi\u00f3n enmascarada lo antes posible.&nbsp;<strong>El reconocimiento<\/strong>&nbsp;temprano&nbsp;del problema permite que el paciente se beneficie del tratamiento farmacol\u00f3gico y la psicoterapia adecuada.<\/p>\n\n\n\n<p>La depresi\u00f3n enmascarada no es un diagn\u00f3stico cl\u00ednico que pueda compararse, por ejemplo, con la depresi\u00f3n end\u00f3gena o la depresi\u00f3n psic\u00f3gena, sino simplemente una expresi\u00f3n que indica que la fenomenolog\u00eda del cuadro cl\u00ednico testimonia la depresi\u00f3n.<\/p>\n\n\n\n<h3 class=\"wp-block-heading\"><strong>Depresi\u00f3n enmascarada &#8211; Or\u00edgenes<\/strong><\/h3>\n\n\n\n<p>En el lenguaje psiqui\u00e1trico actual, el t\u00e9rmino&nbsp;&nbsp;<strong><em>\u00abdepresi\u00f3n enmascarada\u00bb<\/em><\/strong>&nbsp;&nbsp;existe desde hace alg\u00fan tiempo.&nbsp;Originalmente solo se aplicaba a casos de depresi\u00f3n end\u00f3gena que eran dif\u00edciles de identificar debido al claro predominio de las manifestaciones f\u00edsicas.&nbsp;Sin embargo, se ha observado que las depresiones psic\u00f3genas tambi\u00e9n pueden adoptar una forma encubierta.<\/p>\n\n\n\n<blockquote class=\"wp-block-quote is-layout-flow wp-block-quote-is-layout-flow\">\n<p><strong>La depresi\u00f3n enmascarada se ha definido como una enfermedad depresiva en la que predominan los s\u00edntomas som\u00e1ticos o en la que los s\u00edntomas ps\u00edquicos permanecen en un segundo plano.<\/strong><\/p>\n<\/blockquote>\n\n\n\n<p>En el pasado, los pacientes que padec\u00edan una depresi\u00f3n enmascarada llevaban sus s\u00edntomas de m\u00e9dico en m\u00e9dico y segu\u00edan un tratamiento som\u00e1tico durante a\u00f1os sin encontrar nunca el alivio deseado.&nbsp;Con la creciente comprensi\u00f3n de las caracter\u00edsticas de la depresi\u00f3n enmascarada, los no psiquiatras han comenzado a considerar la posibilidad de que la angustia psicol\u00f3gica se encuentre detr\u00e1s de la presencia de s\u00edntomas f\u00edsicos inexplicables.<\/p>\n\n\n\n<h3 class=\"wp-block-heading\"><strong>Depresi\u00f3n enmascarada: ayudar a los m\u00e9dicos de cabecera<\/strong><\/h3>\n\n\n\n<p>Actualmente, la mayor\u00eda de los pacientes deprimidos est\u00e1n siendo tratados por m\u00e9dicos que no son psiquiatras.&nbsp;Se trata de una feliz evoluci\u00f3n que, sin duda, se ha visto favorecida por los cursos y seminarios organizados para ellos que han permitido sensibilizar y profundizar en el estudio del&nbsp;<strong>diagn\u00f3stico y tratamiento de la depresi\u00f3n<\/strong>&nbsp;.<\/p>\n\n\n\n<p>Es fundamental que los m\u00e9dicos no psiquiatras sigan recibiendo informaci\u00f3n pr\u00e1ctica para afrontar la enfermedad depresiva.&nbsp;Debe tenerse en cuenta que la depresi\u00f3n tiene un&nbsp;<strong>profundo impacto en el cuerpo y el esp\u00edritu<\/strong>&nbsp;, y requiere no solo un tratamiento farmacol\u00f3gico, sino tambi\u00e9n psicoterap\u00e9utico y otras medidas que toman en consideraci\u00f3n la familia del paciente, el lugar de trabajo y junto con su entorno social.<\/p>\n\n\n\n<p>Cuando un m\u00e9dico se enfrenta a casos de trastornos del estado de \u00e1nimo y tiene que dar una clasificaci\u00f3n, es recomendable proceder a una evaluaci\u00f3n de todos los resultados del examen f\u00edsico del paciente, as\u00ed como del examen del estado de \u00e1nimo.&nbsp;Hay que tener en cuenta factores como el contexto social, econ\u00f3mico y profesional del paciente.&nbsp;Centrarse en uno solo de estos elementos conduce a errores de diagn\u00f3stico.<\/p>\n\n\n\n<h3 class=\"wp-block-heading\"><a><\/a><strong>Las preguntas clave para diagnosticar la depresi\u00f3n enmascarada<\/strong><\/h3>\n\n\n\n<p>Durante el examen psiqui\u00e1trico algunas&nbsp;<strong>preguntas claves<\/strong>&nbsp;nos permiten identificar en el 80% de los casos si estamos ante una depresi\u00f3n.&nbsp;Entre estos se encuentran:<\/p>\n\n\n\n<ul>\n<li>\u00bfTodav\u00eda tienes la alegr\u00eda de vivir?<\/li>\n\n\n\n<li>\u00bfTienes el mismo n\u00famero de intereses que antes?<\/li>\n\n\n\n<li>\u00bfEres menos emprendedor que hace unas semanas o meses?<\/li>\n\n\n\n<li>\u00bfA menudo se siente cansado y sin energ\u00eda al final del d\u00eda?<\/li>\n\n\n\n<li>\u00bfTe sientes nervioso, tenso y ansioso?<\/li>\n\n\n\n<li>\u00bfA veces le resulta dif\u00edcil tomar una decisi\u00f3n?<\/li>\n\n\n\n<li>\u00bfTiene dificultad para conciliar el sue\u00f1o?<\/li>\n\n\n\n<li>\u00bfTiene dolor o siente una sensaci\u00f3n de presi\u00f3n en el pecho?<\/li>\n\n\n\n<li>\u00bfLe falta apetito o ha perdido peso?<\/li>\n\n\n\n<li>\u00bfEst\u00e1 experimentando dificultades sexuales?<\/li>\n\n\n\n<li>\u00bfTienes m\u00e1s pensamientos tristes que en el pasado?<\/li>\n\n\n\n<li>\u00bfTe atormenta darte cuenta de que la vida ya no tiene sentido para ti?<\/li>\n<\/ul>\n\n\n\n<h2 class=\"wp-block-heading\"><a><\/a><strong>Trastornos del estado de \u00e1nimo &#8211; Medicamentos y psicoterapia en el tratamiento de la depresi\u00f3n enmascarada<\/strong><\/h2>\n\n\n\n<p>En el tratamiento de los trastornos del estado de&nbsp;<strong>\u00e1nimo<\/strong>&nbsp;, los&nbsp;<strong>f\u00e1rmacos<\/strong>&nbsp;utilizados son antidepresivos, neurol\u00e9pticos y estabilizadores del estado de \u00e1nimo.&nbsp;En casos de depresi\u00f3n, la terapia con medicamentos por s\u00ed sola no es suficiente.&nbsp;De hecho, los antidepresivos son f\u00e1rmacos eficaces que reducen los s\u00edntomas som\u00e1ticos y ps\u00edquicos, pero no pueden resolver los conflictos ps\u00edquicos.<\/p>\n\n\n\n<p>A trav\u00e9s de la \u201c&nbsp;<strong>logopedia<\/strong>&nbsp;\u201d el terapeuta escucha atentamente al paciente cuando habla de los s\u00edntomas que lo atormentan, su pesimismo, sentimientos de desesperanza y desesperanza.&nbsp;Sin embargo, escuchar no es suficiente, ya que el paciente puede interpretar escuchar como indiferencia.&nbsp;El terapeuta debe mostrar&nbsp;<strong>comprensi\u00f3n y simpat\u00eda por el sufrimiento del paciente a<\/strong>&nbsp;trav\u00e9s de preguntas y comentarios durante la conversaci\u00f3n.<\/p>\n\n\n\n<p>No menos importante es la necesidad de discutir con el paciente de manera abierta y franca los factores que le provocaron el malestar depresivo y los pensamientos suicidas.&nbsp;Esto crea una relaci\u00f3n de confianza que te hace sentir en buenas manos y sienta las bases para una terapia exitosa.&nbsp;No obstante, se deben considerar aspectos relacionados con el&nbsp;<strong>entorno profesional<\/strong>&nbsp;del sujeto y su&nbsp;<strong>situaci\u00f3n econ\u00f3mica<\/strong>&nbsp;.&nbsp;De hecho, pueden ser causas contribuyentes de la aparici\u00f3n de patolog\u00eda depresiva.<\/p>\n\n\n\n<h3 class=\"wp-block-heading\"><strong>\u00bfCu\u00e1les son los errores m\u00e1s comunes en el tratamiento de los trastornos del estado de \u00e1nimo?<\/strong><\/h3>\n\n\n\n<p>Los errores que ocurren durante el tratamiento con pacientes deprimidos pueden evitarse f\u00e1cilmente tomando algunas precauciones.&nbsp;Por ejemplo, es necesario hacerle entender al paciente que no es un caso aislado y que los pensamientos suicidas son comunes a otras personas.&nbsp;Es bueno establecer metas de terapia a corto plazo con \u00e9l.&nbsp;No se le deben ocultar&nbsp;<strong>los efectos secundarios<\/strong>&nbsp;debidos al tratamiento farmacol\u00f3gico para que se sienta menos ansioso por su eventual aparici\u00f3n y para informarle que su estado de \u00e1nimo estar\u00e1 sujeto a fluctuaciones temporales que son parte de la enfermedad y que no deben ser consideradas un signo de empeoramiento de su estado.<\/p>\n\n\n\n<p>Por otro lado, est\u00e1 contraindicado persuadirlo para que \u201c&nbsp;<em>recupere su vida<\/em>&nbsp;\u201d y que \u201c&nbsp;<em>no debe dejarse llevar<\/em>&nbsp;\u201d;&nbsp;este tipo de exhortaciones s\u00f3lo pueden da\u00f1ar porque refuerzan en el paciente la convicci\u00f3n de que no tiene voluntad para hacer lo que le gustar\u00eda hacer.&nbsp;Es un error persuadirlo de que su condici\u00f3n mejorar\u00e1;&nbsp;el paciente debe llegar a esta toma de conciencia progresivamente.&nbsp;Es fundamental evitar que tome decisiones importantes que puedan resultar no funcionales y se arrepientan una vez remitida la patolog\u00eda.&nbsp;Debemos evitar sugerir cambios dr\u00e1sticos o situaciones que puedan implicar momentos de soledad para el paciente.<\/p>\n\n\n\n<blockquote class=\"wp-block-quote is-layout-flow wp-block-quote-is-layout-flow\">\n<p><strong>El terapeuta siempre debe establecer contacto con la familia del paciente.<\/strong><\/p>\n<\/blockquote>\n\n\n\n<h2 class=\"wp-block-heading\"><a><\/a><strong>\u00bfQu\u00e9 hacer en el tratamiento de la depresi\u00f3n enmascarada?<\/strong><\/h2>\n\n\n\n<ul>\n<li>Aceptar al paciente por lo que es y su patolog\u00eda por lo que es;<\/li>\n\n\n\n<li>Discutir con el paciente sobre su historial m\u00e9dico y los factores que pueden haber causado el estado depresivo;<\/li>\n\n\n\n<li>Destacar que el pron\u00f3stico es favorable;<\/li>\n\n\n\n<li>Dar informaci\u00f3n al paciente sobre el momento y el prop\u00f3sito del tratamiento;<\/li>\n\n\n\n<li>Informar al paciente con anticipaci\u00f3n de los efectos secundarios relacionados con los medicamentos que toma;<\/li>\n\n\n\n<li>Tranquilizar al paciente sobre posibles fluctuaciones temporales del estado de \u00e1nimo durante el curso del tratamiento;<\/li>\n\n\n\n<li>Establecer metas a corto plazo con el paciente que le permitan realizar progresos;<\/li>\n\n\n\n<li>Asegurar la colaboraci\u00f3n de la familia del paciente y tener en cuenta su entorno social.<\/li>\n<\/ul>\n\n\n\n<h2 class=\"wp-block-heading\"><a><\/a><strong>Los errores m\u00e1s comunes en el tratamiento de la depresi\u00f3n enmascarada<\/strong><\/h2>\n\n\n\n<ul>\n<li>D\u00edgale al paciente que \u00abrecupere su vida\u00bb;<\/li>\n\n\n\n<li>Env\u00edalo de vacaciones;<\/li>\n\n\n\n<li>Permiti\u00e9ndole tomar decisiones importantes;<\/li>\n\n\n\n<li>Cuestiona sus ideas delirantes;<\/li>\n\n\n\n<li>Afirmando que est\u00e1 en el camino de la recuperaci\u00f3n antes de que su condici\u00f3n haya mejorado realmente.<\/li>\n<\/ul>\n\n\n\n<h2 class=\"wp-block-heading\"><a><\/a><strong>\u00bfQu\u00e9 preguntas hacerle al paciente en caso de pensamientos suicidas?<\/strong><\/h2>\n\n\n\n<ul>\n<li>\u00bfC\u00f3mo te vas a suicidar?&nbsp;\u00bfYa hiciste algunos preparativos?&nbsp;Cuanto m\u00e1s concretas sean las ideas del paciente, mayor ser\u00e1 el riesgo.<\/li>\n\n\n\n<li>\u00bfPiensas conscientemente en el suicidio?&nbsp;\u00bfO este tipo de pensamientos vienen a tu mente incluso si tratas de evitarlos?&nbsp;Los pensamientos suicidas que surgen pasivamente son m\u00e1s peligrosos que los conscientes.<\/li>\n\n\n\n<li>\u00bfYa le has contado a alguien tus intenciones suicidas?&nbsp;El anuncio de un suicidio siempre debe tomarse en serio.<\/li>\n\n\n\n<li>\u00bfHan sido limitados sus intereses, pensamientos y contactos con los dem\u00e1s en comparaci\u00f3n con el pasado?<\/li>\n\n\n\n<li>\u00bfSientes tanta agresi\u00f3n hacia alguien que tratas de suprimir estos sentimientos?&nbsp;Cuando se suprimen estos sentimientos, pueden volverse contra el propio paciente.<\/li>\n<\/ul>\n\n\n\n<p>\u00bfEst\u00e1s buscando un buen psic\u00f3logo para manejar una&nbsp;<strong>depresi\u00f3n<\/strong>&nbsp;en Palma de Mallorca?&nbsp;Trata tu depresi\u00f3n con la ayuda de<a href=\"https:\/\/www.zeropsicologos.com\/\"> Zero Psic\u00f3logos<\/a>.<\/p>\n","protected":false},"excerpt":{"rendered":"<p>Tratamiento de la depresi\u00f3n.&nbsp;En este art\u00edculo, gracias a mi experiencia como psic\u00f3logo en Palma, te explicar\u00e9 qu\u00e9 es la&nbsp;depresi\u00f3n&nbsp;y c\u00f3mo tratarla de forma eficaz. Pero,&hellip;<\/p>\n","protected":false},"author":1,"featured_media":3980,"comment_status":"open","ping_status":"closed","sticky":false,"template":"","format":"standard","meta":{"_seopress_robots_primary_cat":"none","_seopress_titles_title":"Depresi\u00f3n enmascarada y trastornos del estado de \u00e1nimo","_seopress_titles_desc":"Tratamiento de la depresi\u00f3n. En este art\u00edculo, gracias a mi experiencia como psic\u00f3logo en Palma, te explicar\u00e9 qu\u00e9 es la depresi\u00f3n y c\u00f3mo tratarla de forma eficaz.","_seopress_robots_index":"","footnotes":""},"categories":[3,8],"tags":[],"_links":{"self":[{"href":"https:\/\/www.zeropsicologos.com\/blog\/wp-json\/wp\/v2\/posts\/3978"}],"collection":[{"href":"https:\/\/www.zeropsicologos.com\/blog\/wp-json\/wp\/v2\/posts"}],"about":[{"href":"https:\/\/www.zeropsicologos.com\/blog\/wp-json\/wp\/v2\/types\/post"}],"author":[{"embeddable":true,"href":"https:\/\/www.zeropsicologos.com\/blog\/wp-json\/wp\/v2\/users\/1"}],"replies":[{"embeddable":true,"href":"https:\/\/www.zeropsicologos.com\/blog\/wp-json\/wp\/v2\/comments?post=3978"}],"version-history":[{"count":0,"href":"https:\/\/www.zeropsicologos.com\/blog\/wp-json\/wp\/v2\/posts\/3978\/revisions"}],"wp:featuredmedia":[{"embeddable":true,"href":"https:\/\/www.zeropsicologos.com\/blog\/wp-json\/wp\/v2\/media\/3980"}],"wp:attachment":[{"href":"https:\/\/www.zeropsicologos.com\/blog\/wp-json\/wp\/v2\/media?parent=3978"}],"wp:term":[{"taxonomy":"category","embeddable":true,"href":"https:\/\/www.zeropsicologos.com\/blog\/wp-json\/wp\/v2\/categories?post=3978"},{"taxonomy":"post_tag","embeddable":true,"href":"https:\/\/www.zeropsicologos.com\/blog\/wp-json\/wp\/v2\/tags?post=3978"}],"curies":[{"name":"wp","href":"https:\/\/api.w.org\/{rel}","templated":true}]}}