{"id":4192,"date":"2022-11-15T14:02:27","date_gmt":"2022-11-15T14:02:27","guid":{"rendered":"https:\/\/www.zeropsicologos.com\/blog\/?p=4192"},"modified":"2022-11-15T14:02:30","modified_gmt":"2022-11-15T14:02:30","slug":"trastorno-de-personalidad-por-que-es-mas-grave","status":"publish","type":"post","link":"https:\/\/www.zeropsicologos.com\/blog\/trastorno-de-personalidad-por-que-es-mas-grave\/","title":{"rendered":"Trastorno de personalidad: \u00bfPor qu\u00e9 es m\u00e1s grave?"},"content":{"rendered":"\n<p>Cuando escuchamos sobre&nbsp;<strong>el trastorno de la personalidad<\/strong>&nbsp;, a menudo nos vienen a la mente una variedad de im\u00e1genes y asociaciones mentales negativas.<\/p>\n\n\n\n<p>De hecho, siempre se ha hablado de\u00a0<strong>la salud mental<\/strong>\u00a0y\u00a0<strong>los trastornos psicol\u00f3gicos<\/strong>\u00a0relacionados con ella sobre todo en t\u00e9rminos negativos, tanto que se ha llegado a la idea de que\u00a0<strong>los trastornos mentales<\/strong>\u00a0son una \u201ccondena\u201d, algo a\u00a0lo que temer\u00a0y que hay que esconder a toda costa. para evitar ser marginado.<\/p>\n\n\n\n<p>A esto se conectan diversas\u00a0<strong>creencias y prejuicios<\/strong>\u00a0seg\u00fan los cuales la salud mental aparece como algo que dif\u00edcilmente se puede \u201ccurar\u201d o tratar, pero que se tiene o no.<\/p>\n\n\n\n<h2 class=\"wp-block-heading\">Reflexi\u00f3n introductoria<\/h2>\n\n\n\n<p>Seguro que hoy en d\u00eda todo esto est\u00e1 cambiando, cada vez o\u00edmos hablar m\u00e1s del&nbsp;<strong>bienestar psicol\u00f3gico<\/strong>&nbsp;y de la importancia que tienen figuras, como la del psic\u00f3logo y psicoterapeuta, respecto a la&nbsp;<strong>prevenci\u00f3n<\/strong>&nbsp;y&nbsp;<strong>tratamiento de los trastornos mentales<\/strong>&nbsp;.<\/p>\n\n\n\n<p>A ello se suma la&nbsp;<strong>mayor actividad divulgativa<\/strong>&nbsp;que cada vez m\u00e1s se est\u00e1 realizando precisamente en el campo de la&nbsp;<strong>psicolog\u00eda<\/strong>&nbsp;.<\/p>\n\n\n\n<p>Sin embargo, cuando hablamos de trastornos, tambi\u00e9n debemos tener en cuenta que existen&nbsp;<strong>diferentes categor\u00edas de trastornos psicol\u00f3gicos<\/strong>&nbsp;que tienen diferente peso e impacto en quienes los experimentan.<\/p>\n\n\n\n<p>Por ejemplo,&nbsp;<strong>se debe hacer una diferencia importante entre un trastorno y un trastorno de personalidad<\/strong>&nbsp;.<\/p>\n\n\n\n<h2 class=\"wp-block-heading\">\u00bfQu\u00e9 es un trastorno de personalidad?<\/h2>\n\n\n\n<p>Partamos inmediatamente de una noci\u00f3n fundamental que tambi\u00e9n nos permite comprender cu\u00e1les son estos trastornos, que es la personalidad.&nbsp;La personalidad es un conjunto de caracter\u00edsticas del&nbsp;<strong>individuo<\/strong>&nbsp;que determinan la forma en que una persona interact\u00faa con el mundo exterior y con los dem\u00e1s.<\/p>\n\n\n\n<p>La personalidad\u00a0es pues lo que nos define y nos hace \u201c\u00fanicos\u201d en nuestra forma de existir en el mundo\u00a0<strong>.<\/strong><\/p>\n\n\n\n<p>Evidentemente, la personalidad puede estar ligada a trastornos que van a condicionar un&nbsp;<strong>funcionamiento patol\u00f3gico<\/strong>&nbsp;.<\/p>\n\n\n\n<p>Para explicar&nbsp;<strong>qu\u00e9<\/strong>&nbsp;es un trastorno de personalidad, el DSM-5 lo define como:<\/p>\n\n\n\n<p>\u201c&nbsp;<em>Un patr\u00f3n permanente de experiencias internas (pensamientos, sentimientos y emociones) y comportamientos que son marcadamente diferentes de los definidos por la cultura de uno, es omnipresente e inflexible y surge en la adolescencia o en los primeros a\u00f1os de la edad adulta.&nbsp;Es estable en el tiempo y provoca sufrimiento o incapacidad.&nbsp;<\/em>\u00ab<\/p>\n\n\n\n<p>As\u00ed&nbsp;<strong>, los trastornos de personalidad<\/strong>&nbsp;son verdaderas \u201cformas de ser\u201d, de relacionarse con el mundo, que se caracterizan por determinados comportamientos, pensamientos, acciones, afectos y emociones.<\/p>\n\n\n\n<p>Un trastorno de personalidad ciertamente tiene un&nbsp;<strong>impacto en la vida de la persona<\/strong>&nbsp;, y en particular de quienes le rodean, porque afecta de manera importante su vida y su enfoque en las relaciones con los dem\u00e1s;&nbsp;no es raro, de hecho, que quienes padecen trastornos de personalidad tambi\u00e9n tengan relaciones&nbsp;<strong>complicadas<\/strong>&nbsp;(disfuncionales) o en todo caso dif\u00edciles de manejar, precisamente porque&nbsp;<strong>es la personalidad la que est\u00e1 \u00abcomprometida\u00bb<\/strong>&nbsp;.<\/p>\n\n\n\n<p>Los siguientes trastornos de la personalidad tambi\u00e9n se describen en el DSM5:<\/p>\n\n\n\n<ul>\n<li>Desorden de personalidad evasiva<\/li>\n\n\n\n<li>Trastorno de personalidad dependiente<\/li>\n\n\n\n<li>Trastorno obsesivo compulsivo,<\/li>\n\n\n\n<li>Trastorno Pasivo-Agresivo<\/li>\n\n\n\n<li>Desorden depresivo<\/li>\n\n\n\n<li>Trastorno paranoico<\/li>\n\n\n\n<li>Trastorno esquizot\u00edpico<\/li>\n\n\n\n<li>Trastorno esquizoide<\/li>\n\n\n\n<li>Trastorno histri\u00f3nico<\/li>\n\n\n\n<li>Trastorno narcisista<\/li>\n\n\n\n<li>Trastorno l\u00edmite<\/li>\n\n\n\n<li>Trastorno Antisocial<\/li>\n<\/ul>\n\n\n\n<h2 class=\"wp-block-heading\">C\u00f3mo reconocer un trastorno de personalidad<\/h2>\n\n\n\n<p>Una pregunta que nos hemos estado haciendo desde el principio es: \u00bfPor qu\u00e9 los trastornos de personalidad son m\u00e1s graves que otros trastornos psicol\u00f3gicos?<\/p>\n\n\n\n<h3 class=\"wp-block-heading\">La importancia de la conciencia<\/h3>\n\n\n\n<p>En general, los trastornos psicol\u00f3gicos son algo que inevitablemente genera&nbsp;<strong>malestar y sufrimiento a quienes los experimentan<\/strong>&nbsp;;&nbsp;cualquier perturbaci\u00f3n, de hecho, provoca&nbsp;<strong>molestias<\/strong>&nbsp;y provoca sufrimientos que, si se prolongan, tambi\u00e9n pueden conducir a muchas otras dolencias y s\u00edntomas, como los f\u00edsicos.<\/p>\n\n\n\n<p>Un aspecto importante que determina la gravedad de los trastornos de personalidad es\u00a0<strong>el grado de conciencia<\/strong>\u00a0que posee la persona con respecto a su forma de funcionar y el aspecto patol\u00f3gico de algunas de sus conductas o pensamientos.<\/p>\n\n\n\n<p>Esta&nbsp;<strong>conciencia<\/strong>&nbsp;depende de cu\u00e1nto la persona realmente siente dolor sobre s\u00ed misma.<\/p>\n\n\n\n<h3 class=\"wp-block-heading\">Cuando el trastorno crea malestar en uno mismo<\/h3>\n\n\n\n<p>En este sentido, en psicolog\u00eda se habla de \u00bb&nbsp;<strong>egodiston\u00eda<\/strong>&nbsp;\u00bb (que choca con la forma de sentir) para indicar&nbsp;<strong>un comportamiento o un pensamiento que no se ajusta a las necesidades de la personalidad o del ego<\/strong>&nbsp;y que, por ello, crea malestar y sufrimiento en la persona.&nbsp;En pocas palabras, es como si la persona tuviera fiebre y no la quisiera.<\/p>\n\n\n\n<p>La egodiston\u00eda suele estar presente en las dolencias que sufre la mayor\u00eda de las personas.<\/p>\n\n\n\n<p>Por ejemplo, aquellos que sufren de&nbsp;<strong>trastorno obsesivo-compulsivo<\/strong>&nbsp;pueden experimentar sus obsesiones y pensamientos intrusivos con incomodidad o aquellos que sufren de trastorno de p\u00e1nico o ansiedad pueden sentir que no pueden tolerarlo en su vida diaria.<\/p>\n\n\n\n<p>El malestar, por tanto, surge por el hecho de ser consciente de lo que se sufre y hablamos de un&nbsp;<strong>trastorno<\/strong>&nbsp;.<\/p>\n\n\n\n<h3 class=\"wp-block-heading\">Cuando el trastorno de personalidad genera malestar en los dem\u00e1s<\/h3>\n\n\n\n<p>Si, por el contrario, falta esta conciencia, hablamos de \u00bb&nbsp;<strong>egosinton\u00eda<\/strong>&nbsp;\u00bb o hay una armon\u00eda (no hay conflicto) entre los pensamientos, las emociones y lo que sentimos y lo que el ego necesita.<\/p>\n\n\n\n<p>Un ejemplo es el&nbsp;<strong>trastorno obsesivo-compulsivo de la personalidad<\/strong>&nbsp;presente en aquellas personas que tienen que limpiarlo todo, aunque esto suponga volver tarde del trabajo y tengan que hacerlo todos los d\u00edas.&nbsp;Estas personas piensan que&nbsp;<strong>s\u00f3lo ellos saben hacerlo como DEBE hacerlo<\/strong>&nbsp;y no pueden sustraerse a esta&nbsp;<strong>obligaci\u00f3n interna<\/strong>&nbsp;, pero no lo viven como un sufrimiento.&nbsp;M\u00e1s bien, critican a otros que no comparten este punto de vista.<\/p>\n\n\n\n<p>En estas personas, por lo tanto, les\u00a0<strong>falta la intenci\u00f3n de cambiar<\/strong>\u00a0porque\u00a0<strong>luchan por reconocer internamente que tienen un problema<\/strong>\u00a0, m\u00e1s bien,\u00a0<strong>el problema que tienen los dem\u00e1s<\/strong>\u00a0.\u00a0Suelen\u00a0<strong>echar la culpa del error al exterior<\/strong>\u00a0, aquellos seg\u00fan los cuales s\u00f3lo los dem\u00e1s se equivocan.\u00a0Son las personas que piensan que es correcto comportarse de cierta manera ya que esos comportamientos y los pensamientos subyacentes est\u00e1n en consonancia con su ser, son esas personas de \u00absimplemente hazlo\u00bb.\u00a0En definitiva, tienen un\u00a0pensamiento r\u00edgido\u00a0.<\/p>\n\n\n\n<p>Entonces entiendes por qu\u00e9 se&nbsp;<strong>arriesgan a crear relaciones complicadas<\/strong>&nbsp;.<\/p>\n\n\n\n<p>En este sentido&nbsp;<strong>, los trastornos de personalidad se configuran como los m\u00e1s graves<\/strong>&nbsp;porque tienen un impacto m\u00e1s evidente e importante en la vida de la persona ya que&nbsp;<strong>comprometen todas las relaciones<\/strong>&nbsp;y porque quienes padecen un trastorno de personalidad&nbsp;<strong>dif\u00edcilmente requieren ayuda psicol\u00f3gica<\/strong>&nbsp;, al no reconocer que tienen un problema. por resolver y por lo tanto carente de la intenci\u00f3n de querer cambiar.&nbsp;M\u00e1s bien, es llevado a la terapia por una pareja, familia o amigos.<\/p>\n","protected":false},"excerpt":{"rendered":"<p>Cuando escuchamos sobre&nbsp;el trastorno de la personalidad&nbsp;, a menudo nos vienen a la mente una variedad de im\u00e1genes y asociaciones mentales negativas. De hecho, siempre&hellip;<\/p>\n","protected":false},"author":1,"featured_media":4195,"comment_status":"open","ping_status":"closed","sticky":false,"template":"","format":"standard","meta":{"_seopress_robots_primary_cat":"none","_seopress_titles_title":"Trastorno de personalidad: \u00bfPor qu\u00e9 es m\u00e1s grave?","_seopress_titles_desc":"Cuando escuchamos sobre el trastorno de la personalidad , a menudo nos vienen a la mente una variedad de im\u00e1genes y asociaciones mentales negativas.","_seopress_robots_index":"","footnotes":""},"categories":[10,1],"tags":[],"_links":{"self":[{"href":"https:\/\/www.zeropsicologos.com\/blog\/wp-json\/wp\/v2\/posts\/4192"}],"collection":[{"href":"https:\/\/www.zeropsicologos.com\/blog\/wp-json\/wp\/v2\/posts"}],"about":[{"href":"https:\/\/www.zeropsicologos.com\/blog\/wp-json\/wp\/v2\/types\/post"}],"author":[{"embeddable":true,"href":"https:\/\/www.zeropsicologos.com\/blog\/wp-json\/wp\/v2\/users\/1"}],"replies":[{"embeddable":true,"href":"https:\/\/www.zeropsicologos.com\/blog\/wp-json\/wp\/v2\/comments?post=4192"}],"version-history":[{"count":0,"href":"https:\/\/www.zeropsicologos.com\/blog\/wp-json\/wp\/v2\/posts\/4192\/revisions"}],"wp:featuredmedia":[{"embeddable":true,"href":"https:\/\/www.zeropsicologos.com\/blog\/wp-json\/wp\/v2\/media\/4195"}],"wp:attachment":[{"href":"https:\/\/www.zeropsicologos.com\/blog\/wp-json\/wp\/v2\/media?parent=4192"}],"wp:term":[{"taxonomy":"category","embeddable":true,"href":"https:\/\/www.zeropsicologos.com\/blog\/wp-json\/wp\/v2\/categories?post=4192"},{"taxonomy":"post_tag","embeddable":true,"href":"https:\/\/www.zeropsicologos.com\/blog\/wp-json\/wp\/v2\/tags?post=4192"}],"curies":[{"name":"wp","href":"https:\/\/api.w.org\/{rel}","templated":true}]}}