{"id":5833,"date":"2023-01-16T20:13:44","date_gmt":"2023-01-16T20:13:44","guid":{"rendered":"https:\/\/www.zeropsicologos.com\/blog\/?p=5833"},"modified":"2023-01-16T20:13:49","modified_gmt":"2023-01-16T20:13:49","slug":"estres-relacionado-con-el-trabajo-si-no-puedes-evitarlo-aprende-a-manejarlo","status":"publish","type":"post","link":"https:\/\/www.zeropsicologos.com\/blog\/estres-relacionado-con-el-trabajo-si-no-puedes-evitarlo-aprende-a-manejarlo\/","title":{"rendered":"Estr\u00e9s relacionado con el trabajo: si no puedes evitarlo, \u00a1aprende a manejarlo!"},"content":{"rendered":"\n<p><em>\u201cEl estr\u00e9s relacionado con el trabajo se puede definir como un conjunto de reacciones f\u00edsicas y emocionales da\u00f1inas que ocurren cuando las exigencias del trabajo no se corresponden con las habilidades, los recursos o las necesidades del trabajador.&nbsp;El estr\u00e9s relacionado con el trabajo puede afectar negativamente las condiciones de salud&nbsp;<\/em><em>e incluso provocar lesiones\u201d<\/em><\/p>\n\n\n\n<p><em>(Instituto Nacional de Seguridad y Salud en el Trabajo, 1999)<\/em><\/p>\n\n\n\n<p>El estr\u00e9s laboral ya se reconoce como un riesgo psicosocial y existe un proyecto de ley que obliga a los empresarios a adoptar medidas para evaluarlo, prevenirlo, controlarlo y reducirlo (&nbsp;Decreto Legislativo 81\/2008&nbsp;y sus disposiciones complementarias y correctoras de 2009 sobre protecci\u00f3n de la salud y seguridad en el trabajo).&nbsp;<\/p>\n\n\n\n<p>Cuando estos no sean suficientes, es \u00fatil consultar a un profesional de la salud mental o pedir informaci\u00f3n a su m\u00e9dico.&nbsp;<strong>El asesoramiento psicol\u00f3gico estrat\u00e9gico es una intervenci\u00f3n \u00fatil<\/strong>&nbsp;para resolver r\u00e1pidamente los problemas relacionados con el estr\u00e9s en el trabajo y mejorar las habilidades de manejo del estr\u00e9s.<\/p>\n\n\n\n<h3 class=\"wp-block-heading\">\u00bfQu\u00e9 es el estr\u00e9s relacionado con el trabajo?<\/h3>\n\n\n\n<p>El estr\u00e9s laboral, como la propia palabra sugiere, es una condici\u00f3n particular de estr\u00e9s ligada al trabajo que se desarrolla y al contexto profesional en el que se act\u00faa.<\/p>\n\n\n\n<p>Es un&nbsp;<strong>fen\u00f3meno transversal en varias categor\u00edas profesionales<\/strong>&nbsp;y puede representar un&nbsp;<strong>riesgo para la salud&nbsp;.&nbsp;<\/strong>Se manifiesta cuando sentimos que estamos sometidos a una&nbsp;<strong>carga excesiva de solicitudes para ser satisfechas<\/strong>&nbsp;, cuando las tareas a realizar parecen&nbsp;<strong>demasiado dif\u00edciles&nbsp;<\/strong>o cuando sentimos que&nbsp;<strong>no tenemos las habilidades y los recursos necesarios<\/strong>&nbsp;para afrontarlas.<\/p>\n\n\n\n<p>Como en cualquier \u00e1mbito de nuestra vida, incluso en el trabajo,&nbsp;<strong>cierto nivel de&nbsp;estr\u00e9s&nbsp;puede ser positivo y funcional<\/strong>&nbsp;para mejorar el rendimiento.&nbsp;Sin embargo, si percibimos de forma cr\u00f3nica ciertos elementos de nuestro entorno laboral como fuentes de presi\u00f3n excesiva y prolongada y nos sentimos incapaces de afrontarlos,&nbsp;<strong>el estr\u00e9s puede interferir en nuestro bienestar general y rendimiento en el trabajo<\/strong>&nbsp;, provocando lesiones, errores y ausencias.<\/p>\n\n\n\n<h3 class=\"wp-block-heading\">S\u00edntomas del estr\u00e9s relacionado con el trabajo<\/h3>\n\n\n\n<p>El estr\u00e9s laboral se expresa a trav\u00e9s de s\u00edntomas que pueden manifestarse a nivel de nuestro comportamiento, nuestra mente y nuestro cuerpo, con consecuencias tambi\u00e9n para la organizaci\u00f3n a la que pertenecemos.&nbsp;A continuaci\u00f3n se muestra una lista de los&nbsp;<strong>principales s\u00edntomas:<\/strong><\/p>\n\n\n\n<ol>\n<li><strong>Comportamiento<\/strong>&nbsp;:&nbsp;inquietud;&nbsp;&nbsp;impulsividad;&nbsp;agresi\u00f3n;&nbsp;&nbsp;impaciencia;&nbsp;susceptibilidad;&nbsp;dificultades de relaci\u00f3n, retraimiento, desconfianza;&nbsp;tendencia a cometer errores;&nbsp;&nbsp;abuso de alcohol, tabaco y sustancias psicoactivas.<\/li>\n\n\n\n<li><strong>Psicol\u00f3gicos<\/strong>&nbsp;:&nbsp;ansiedad;&nbsp;&nbsp;nerviosismo;&nbsp;depresi\u00f3n;&nbsp;&nbsp;episodios de llanto;&nbsp;capacidad de atenci\u00f3n y concentraci\u00f3n reducidas,&nbsp;problemas de memoria&nbsp;.<\/li>\n\n\n\n<li><strong>Som\u00e1tico<\/strong>&nbsp;:&nbsp;trastornos del sue\u00f1o&nbsp;y de la alimentaci\u00f3n;&nbsp;trastornos gastrointestinales (por ejemplo&nbsp;, gastritis, \u00falcera, colitis&nbsp;);&nbsp;trastornos cardiovasculares (por ejemplo,&nbsp;hipertensi\u00f3n&nbsp;);&nbsp;trastornos respiratorios (por ejemplo, asma);&nbsp;problemas musculoesquel\u00e9ticos (por ejemplo, dolor lumbar, dolor de cuello);&nbsp;dolores de cabeza;&nbsp;&nbsp;trastornos dermatol\u00f3gicos, sexuales, ginecol\u00f3gicos (por ejemplo, alteraciones del ciclo menstrual);&nbsp;fatiga.<\/li>\n\n\n\n<li><strong>Organizacional<\/strong>&nbsp;: ausentismo;&nbsp;Rotaci\u00f3n;&nbsp;relaciones conflictivas;&nbsp;accidentes de trabajo y enfermedades profesionales;&nbsp;&nbsp;rendimiento de mala calidad.<\/li>\n<\/ol>\n\n\n\n<p>Los s\u00edntomas psicol\u00f3gicos, conductuales y som\u00e1ticos por estr\u00e9s laboral tambi\u00e9n se encuentran en situaciones en las que el estr\u00e9s es atribuible a causas ajenas al trabajo, por lo que es importante&nbsp;<strong>evaluar la presencia de fuentes de estr\u00e9s en otras esferas de la vida de la persona.<\/strong><\/p>\n\n\n\n<p>Hay algunos factores que contribuyen a que un contexto laboral sea particularmente estresante, sin embargo cuando hablamos de estr\u00e9s estamos hablando de algo&nbsp;<strong>subjetivo<\/strong>&nbsp;, que tiene que ver con la forma particular en que cada uno de nosotros percibe su propia realidad, le atribuye sentido y reacciona a ello.<\/p>\n\n\n\n<p>De ello se deduce que la misma situaci\u00f3n no ser\u00e1 considerada estresante por todas las personas y algunas ser\u00e1n m\u00e1s capaces que otras de manejarla de manera efectiva, experimentando un menor nivel de estr\u00e9s o \u00a1no consider\u00e1ndola un problema en absoluto!&nbsp;<\/p>\n\n\n\n<h3 class=\"wp-block-heading\">Estr\u00e9s laboral: factores de riesgo externos<\/h3>\n\n\n\n<p><strong>Los factores de riesgo externos<\/strong>&nbsp;consisten&nbsp;en aquellas caracter\u00edsticas del contexto profesional, la organizaci\u00f3n y el tipo de trabajo que es m\u00e1s probable que la mayor\u00eda de las personas perciban como estresantes.&nbsp;Al evaluar estos factores, se deben considerar varios aspectos:<\/p>\n\n\n\n<ul>\n<li><strong>Los aspectos temporales de la jornada laboral y de la actividad laboral&nbsp;:<\/strong>&nbsp;trabajo por turnos;&nbsp;horas extra no deseadas;&nbsp;trabajar horas excesivas;&nbsp;ritmo de trabajo condicionado por el sistema salarial.<\/li>\n\n\n\n<li><strong>El ritmo de trabajo<\/strong>&nbsp;: ritmo acelerado;&nbsp;tiempo insuficiente para cumplir con los plazos;&nbsp;frecuentes interrupciones.<\/li>\n\n\n\n<li><strong>El contenido de la actividad laboral&nbsp;:<\/strong>&nbsp;trabajo fragmentario, repetitivo, mon\u00f3tono;&nbsp;falta de oportunidades para adquirir nuevas habilidades;&nbsp;nivel de agudeza mental y concentraci\u00f3n requerida;&nbsp;incertidumbre de deberes o solicitudes;&nbsp;inconsistencia de tareas o solicitudes;&nbsp;recursos insuficientes para hacer el trabajo.<\/li>\n\n\n\n<li><strong>Relaciones interpersonales en el grupo de trabajo&nbsp;:<\/strong>&nbsp;posibilidad de interactuar con los compa\u00f1eros (durante el trabajo, durante los descansos, despu\u00e9s del trabajo);&nbsp;tama\u00f1o y cohesi\u00f3n del grupo de trabajo principal;&nbsp;reconocimiento de logros en el trabajo;&nbsp;apoyo social;&nbsp;apoyo instrumental;&nbsp;distribuci\u00f3n justa del trabajo;&nbsp;acoso;<\/li>\n\n\n\n<li><strong>Relaciones interpersonales con supervisores\/superiores:<\/strong>&nbsp;participaci\u00f3n en los procesos de toma de decisiones;&nbsp;retroalimentaci\u00f3n y reconocimiento de supervisores\/superiores;&nbsp;apoyo social;&nbsp;apoyo instrumental;&nbsp;incertidumbre o contradicci\u00f3n de solicitudes;&nbsp;estilo de liderazgo.<\/li>\n\n\n\n<li><strong>Las condiciones de la organizaci\u00f3n&nbsp;:<\/strong>&nbsp;relativo prestigio de las tareas realizadas;&nbsp;estructura organizativa no claramente definida (atribuci\u00f3n de responsabilidades, conflictos de funciones y ambig\u00fcedad);&nbsp;burocracia organizacional, procedimientos incongruentes;&nbsp;pol\u00edticas discriminatorias.<\/li>\n\n\n\n<li><strong>La posibilidad de control:<\/strong>&nbsp;autonom\u00eda;&nbsp;independencia;&nbsp;control;&nbsp;poder de decisi\u00f3n.<\/li>\n\n\n\n<li><strong>Desarrollo de carrera:<\/strong>&nbsp;opciones de carrera;&nbsp;trabajo precario, ambiciones frustradas;&nbsp;inconsistencia de posici\u00f3n.<\/li>\n<\/ul>\n\n\n\n<h3 class=\"wp-block-heading\">\u00bfHay profesiones en riesgo?<\/h3>\n\n\n\n<p>Algunas profesiones corren m\u00e1s riesgo que otras con respecto al estr\u00e9s relacionado con el trabajo, en primer lugar las&nbsp;<strong>profesiones de ayuda<\/strong>&nbsp;: m\u00e9dicos, enfermeras, trabajadores sociales, maestros, fuerzas del orden, pero tambi\u00e9n&nbsp;<strong>m\u00e9dicos veterinarios<\/strong>&nbsp;.<\/p>\n\n\n\n<p>Se trata de profesiones en las que suelen encontrarse varios de los factores de riesgo enumerados anteriormente, a los que se suman la gran&nbsp;<strong>responsabilidad<\/strong>&nbsp;y&nbsp;<strong>el contacto frecuente con el sufrimiento y el estr\u00e9s de otras personas<\/strong>&nbsp;.<strong><\/strong><strong><\/strong><\/p>\n\n\n\n<p>Sin embargo, la susceptibilidad al estr\u00e9s tiene un gran componente individual, por lo que&nbsp;<strong>ning\u00fan trabajador est\u00e1 completamente libre<\/strong>&nbsp;de este riesgo.&nbsp;<\/p>\n\n\n\n<h3 class=\"wp-block-heading\">Caracter\u00edsticas individuales y riesgo de estr\u00e9s laboral<\/h3>\n\n\n\n<p>Existen algunos \u00abfactores internos\u00bb, relacionados con&nbsp;<strong>las caracter\u00edsticas propias del individuo<\/strong>&nbsp;, que aumentan su riesgo de desarrollar s\u00edntomas de estr\u00e9s relacionados con el trabajo.<\/p>\n\n\n\n<p>Entre las caracter\u00edsticas m\u00e1s frecuentes encontramos:<\/p>\n\n\n\n<ul>\n<li>Estilo&nbsp;<strong>de comportamiento tipo A<\/strong>&nbsp;: personas que son hostiles, agresivas, impacientes y demasiado involucradas en su trabajo.&nbsp;Se trata de personas muy competitivas, orientadas al \u00e9xito, a las que les resulta dif\u00edcil relajarse.&nbsp;Parecen muy seguros de s\u00ed mismos, pero en realidad se cuestionan y se imponen continuamente para hacer m\u00e1s y m\u00e1s, para hacerlo mejor y en menos tiempo.&nbsp;No delegan y no conf\u00edan en los dem\u00e1s.<\/li>\n\n\n\n<li>Alto&nbsp;<strong>sentido del deber<\/strong>&nbsp;.<\/li>\n\n\n\n<li><strong>perfeccionismo<\/strong>&nbsp;_<\/li>\n\n\n\n<li>\u201c&nbsp;<strong>Workhaolism<\/strong>&nbsp;\u201d&nbsp;o adicci\u00f3n al trabajo: personas que se esfuerzan m\u00e1s en el trabajo de lo requerido o necesario, descuidando otras \u00e1reas de su vida y pareciendo incapaz de tomarse un tiempo libre.&nbsp;La necesidad de trabajar viene a expensas de la salud, el autocuidado, las relaciones.<\/li>\n\n\n\n<li><strong>Afrontamiento basado en la evitaci\u00f3n o la rumiaci\u00f3n<\/strong>&nbsp;: el t\u00e9rmino \u00abafrontamiento\u00bb indica el conjunto de estrategias que utiliza la persona para intentar afrontar situaciones que le provocan estr\u00e9s.&nbsp;Las personas que se enfocan en el problema o situaci\u00f3n estresante, tratando de definirlo, hacen un esfuerzo activo para encontrar una soluci\u00f3n o cambiar sus metas se ven menos afectadas por el estr\u00e9s.&nbsp;Otra estrategia eficaz es buscar apoyo social o tratar de atribuir un significado diferente a los hechos, para cambiar las emociones que despiertan.&nbsp;Por el contrario, las personas que niegan el problema y las emociones negativas resultantes o las que reflexionan sobre los hechos sin intentar resolver el problema muestran una <strong>mayor susceptibilidad a los efectos del estr\u00e9s.<\/strong><\/li>\n<\/ul>\n\n\n\n<h3 class=\"wp-block-heading\">&nbsp;<\/h3>\n\n\n\n<h3 class=\"wp-block-heading\">El estr\u00e9s relacionado con el trabajo y la vida personal<\/h3>\n\n\n\n<p>Por supuesto, las personas no funcionan en silos, por lo que, as\u00ed como el estr\u00e9s en el trabajo puede tener repercusiones en el bienestar general de una persona, ciertos eventos que ocurren en la vida privada tambi\u00e9n pueden&nbsp;<strong>aumentar la vulnerabilidad de un individuo<\/strong>&nbsp;a las fuentes de estr\u00e9s que encuentra en el trabajo.<\/p>\n\n\n\n<p>Entre los eventos m\u00e1s cr\u00edticos est\u00e1n los estados de enfermedad, la necesidad de cuidar a un familiar anciano o enfermo, las muertes, separaciones y divorcios, los problemas econ\u00f3micos, pero tambi\u00e9n eventos positivos que representan etapas de transici\u00f3n importantes en la vida de una persona, como un matrimonio o embarazo.<\/p>\n\n\n\n<p>Una de las mayores dificultades con las que se encuentran las personas y que genera un gran estr\u00e9s es precisamente el intento de lograr un&nbsp;<strong>adecuado equilibrio entre el trabajo y la vida privada, que inevitablemente se influyen mutuamente.<\/strong><\/p>\n\n\n\n<h3 class=\"wp-block-heading\">&nbsp;<\/h3>\n\n\n\n<h3 class=\"wp-block-heading\">Asesoramiento psicol\u00f3gico estrat\u00e9gico en estr\u00e9s laboral<\/h3>\n\n\n\n<p>\u00bfCrees que sufres de estr\u00e9s relacionado con el trabajo?&nbsp;El asesoramiento psicol\u00f3gico estrat\u00e9gico puede ayudarte.<\/p>\n\n\n\n<p>Hemos visto que&nbsp;<strong>la subjetividad juega un papel importante<\/strong>&nbsp;en la percepci\u00f3n del estr\u00e9s: cada persona interpreta la realidad en relaci\u00f3n con sus propios valores, las vivencias que han caracterizado su historia personal y las emociones que siente;&nbsp;a partir del significado atribuido a las circunstancias, intentaremos gestionarlas de forma que resulte m\u00e1s o menos funcional,&nbsp;<strong>capaz de reducir o aumentar el<\/strong>&nbsp;nivel de estr\u00e9s percibido.<\/p>\n\n\n\n<p>El enfoque estrat\u00e9gico tiene sus ra\u00edces en el constructivismo y otorga gran importancia a la individualidad y al modo en que, como escribi\u00f3 Alessandro Salvini, \u201c&nbsp;<em>cada uno construye la realidad que luego experimenta o gestiona<\/em>&nbsp;\u201d.<\/p>\n\n\n\n<p>El asesoramiento psicol\u00f3gico estrat\u00e9gico parte del an\u00e1lisis de las formas en que la persona percibe la realidad y reacciona ante ella, identificando aquellas que la obligan a sufrir los hechos para acompa\u00f1arla a&nbsp;<strong>adoptar puntos de vista y estrategias que le permitan gestionarlos de forma eficaz.<\/strong><\/p>\n\n\n\n<h3 class=\"wp-block-heading\">&nbsp;<\/h3>\n\n\n\n<h3 class=\"wp-block-heading\">Control de eventos: resoluci\u00f3n estrat\u00e9gica de problemas&nbsp;<\/h3>\n\n\n\n<p>Cuanto m\u00e1s sienta que puede predecir y controlar la fuente de estr\u00e9s y sea consciente de que tiene las habilidades para lidiar con \u00e9l, menor ser\u00e1 el nivel de estr\u00e9s y ansiedad que es capaz de causar.<\/p>\n\n\n\n<p>Ante problemas relacionados con el \u00e1mbito laboral, las t\u00e9cnicas de \u00abresoluci\u00f3n estrat\u00e9gica de problemas\u00bb resultan especialmente eficaces.&nbsp;El foco est\u00e1 siempre en el presente: en primer lugar, vamos a&nbsp;<strong>definir la situaci\u00f3n problem\u00e1tica<\/strong>&nbsp;.<\/p>\n\n\n\n<p>Evaluaremos juntos c\u00f3mo se manifiesta el estr\u00e9s, en qu\u00e9 situaciones, con qu\u00e9 personas y en qu\u00e9 momentos.&nbsp;Analizaremos&nbsp;<strong>lo que ya se ha hecho para solucionarlo<\/strong>&nbsp;, lo que ha funcionado y lo que no, y nos fijaremos una&nbsp;<strong>meta realista a alcanzar<\/strong>&nbsp;.<\/p>\n\n\n\n<p>Nos centraremos en las&nbsp;<strong>din\u00e1micas que contribuyen a mantener el problema<\/strong>&nbsp;&nbsp;y en las estrategias para modificarlas.&nbsp;El resultado ser\u00e1 la&nbsp;<strong>recuperaci\u00f3n de un sentido de control sobre los acontecimientos<\/strong>&nbsp;y experimentar\u00e1s la posibilidad de intervenir en las situaciones para modificarlas o interpretarlas desde una perspectiva m\u00e1s funcional.<\/p>\n\n\n\n<p>Desarrollar\u00e1s la capacidad de&nbsp;<strong>considerar puntos de vista alternativos,<\/strong>&nbsp;&nbsp;identificar\u00e1s y superar\u00e1s algunos&nbsp;<strong>l\u00edmites<\/strong>&nbsp;,&nbsp;siendo capaz de expresar tus&nbsp;<strong>fortalezas&nbsp;.&nbsp;<\/strong>Es decir, adquirir\u00e1s nuevas&nbsp;<strong>habilidades para resolver problemas y gestionar la situaci\u00f3n que te genera estr\u00e9s.<\/strong>&nbsp;<\/p>\n\n\n\n<h3 class=\"wp-block-heading\">&nbsp;<\/h3>\n\n\n\n<h3 class=\"wp-block-heading\">\u00bfQu\u00e9 pasa si no hay soluci\u00f3n?<\/h3>\n\n\n\n<p><strong>A veces la soluci\u00f3n est\u00e1 en aprender a aceptar lo que no se puede cambiar.&nbsp;<\/strong>Aun cuando las situaciones que generan estr\u00e9s no se pueden modificar, siempre se pueden intervenir factores personales: la actitud con la que se afrontan los problemas laborales y cotidianos, la forma en que se definen los objetivos, la capacidad de organizaci\u00f3n del tiempo, las reacciones ante los fracasos y las emociones que uno siente.<\/p>\n\n\n\n<p>Por ejemplo, el estr\u00e9s a menudo conduce a estados de&nbsp;<strong>ira, ansiedad y depresi\u00f3n<\/strong>&nbsp;que, si no se manejan adecuadamente, pueden dificultar el desempe\u00f1o laboral, interferir en las relaciones y comprometer el bienestar psicof\u00edsico general.<\/p>\n\n\n\n<p>En estos casos, el asesoramiento psicol\u00f3gico con un enfoque estrat\u00e9gico puede brindar herramientas relacionadas con el&nbsp;<strong>manejo de las emociones&nbsp;,<\/strong>&nbsp;para que puedan ser toleradas y utilizadas constructivamente.<\/p>\n\n\n\n<p>Por \u00faltimo, el&nbsp;<strong>cuidado del estilo<\/strong>&nbsp;de vida es fundamental : para contrarrestar el estr\u00e9s es importante adoptar un estilo de vida saludable, que incluya una dieta variada con comidas regulares, actividad f\u00edsica moderada y constante y la posibilidad de disfrutar de relaciones satisfactorias que dejen espacio, adem\u00e1s del trabajo y el deber. , incluso para peque\u00f1os y grandes&nbsp;<strong>placeres<\/strong>&nbsp;diarios .<\/p>\n","protected":false},"excerpt":{"rendered":"<p>\u201cEl estr\u00e9s relacionado con el trabajo se puede definir como un conjunto de reacciones f\u00edsicas y emocionales da\u00f1inas que ocurren cuando las exigencias del trabajo&hellip;<\/p>\n","protected":false},"author":1,"featured_media":5836,"comment_status":"open","ping_status":"closed","sticky":false,"template":"","format":"standard","meta":{"_seopress_robots_primary_cat":"none","_seopress_titles_title":"Estr\u00e9s relacionado con el trabajo: si no puedes evitarlo, \u00a1aprende a manejarlo!","_seopress_titles_desc":"El estr\u00e9s laboral es una condici\u00f3n particular de estr\u00e9s relacionado con el trabajo que se desarrolla, que puede comprometer el bienestar.","_seopress_robots_index":"","footnotes":""},"categories":[6,3],"tags":[],"_links":{"self":[{"href":"https:\/\/www.zeropsicologos.com\/blog\/wp-json\/wp\/v2\/posts\/5833"}],"collection":[{"href":"https:\/\/www.zeropsicologos.com\/blog\/wp-json\/wp\/v2\/posts"}],"about":[{"href":"https:\/\/www.zeropsicologos.com\/blog\/wp-json\/wp\/v2\/types\/post"}],"author":[{"embeddable":true,"href":"https:\/\/www.zeropsicologos.com\/blog\/wp-json\/wp\/v2\/users\/1"}],"replies":[{"embeddable":true,"href":"https:\/\/www.zeropsicologos.com\/blog\/wp-json\/wp\/v2\/comments?post=5833"}],"version-history":[{"count":0,"href":"https:\/\/www.zeropsicologos.com\/blog\/wp-json\/wp\/v2\/posts\/5833\/revisions"}],"wp:featuredmedia":[{"embeddable":true,"href":"https:\/\/www.zeropsicologos.com\/blog\/wp-json\/wp\/v2\/media\/5836"}],"wp:attachment":[{"href":"https:\/\/www.zeropsicologos.com\/blog\/wp-json\/wp\/v2\/media?parent=5833"}],"wp:term":[{"taxonomy":"category","embeddable":true,"href":"https:\/\/www.zeropsicologos.com\/blog\/wp-json\/wp\/v2\/categories?post=5833"},{"taxonomy":"post_tag","embeddable":true,"href":"https:\/\/www.zeropsicologos.com\/blog\/wp-json\/wp\/v2\/tags?post=5833"}],"curies":[{"name":"wp","href":"https:\/\/api.w.org\/{rel}","templated":true}]}}